{"id":1047,"date":"2018-01-26T22:26:10","date_gmt":"2018-01-26T21:26:10","guid":{"rendered":"http:\/\/www.pendolari-co-lc.it\/?p=1047"},"modified":"2018-06-06T14:21:10","modified_gmt":"2018-06-06T12:21:10","slug":"comunicato-stampa-in-seguito-al-tragico-incidente-di-pioltello","status":"publish","type":"post","link":"https:\/\/www.pendolari-co-lc.it\/index.php\/2018\/01\/26\/comunicato-stampa-in-seguito-al-tragico-incidente-di-pioltello\/","title":{"rendered":"Comunicato Stampa in seguito al tragico incidente di Pioltello"},"content":{"rendered":"<p>All&#8217;attenzione di istituzioni lombarde, aziende, stampa e cittadini<\/p>\n<p>Milano, 26 gennaio 2018<br \/>\nNoi, rappresentanti dei Comitati dei viaggiatori del trasporto ferroviario lombardo, ci uniamo in una comunicazione che vuole portare il cordoglio pi\u00f9 profondo alle vittime del tragico incidente ferroviario del 25 gennaio 2018 sulla linea Cremona-Milano, all\u2019altezza di Pioltello Limito e alle loro famiglie.<br \/>\nSono notizie che mai avremmo voluto leggere e vedere. Come le vittime, tutti noi siamo lavoratori e studenti che ogni mattina e ogni sera si affidano al servizio regionale di trasporto ferroviario per raggiungere le sedi delle proprie attivit\u00e0.<br \/>\nCome loro, lo facciamo affidando il nostro tempo e le nostre vite a chi deve assicurarsi di fornire un servizio di trasporto all\u2019altezza: sicuro, dignitoso, puntuale.<br \/>\nAuspichiamo che le cause dell\u2019incidente siano presto chiarite in ogni loro sfumatura e che si prendano tutte le misure del caso, perch\u00e9 una tragedia di questo tipo non si verifichi mai pi\u00f9 sulla rete ferroviaria regionale della Lombardia, cos\u00ec come su tutte le altre direttrici ferroviarie italiane.<\/p>\n<p>Confidiamo in tutte le istituzioni, a ogni livello, e in tutte le aziende coinvolte, perch\u00e9 finalmente si possa raggiungere un livello di qualit\u00e0, manutenzione e sicurezza che non sempre \u2013 neppure in Regione Lombardia \u2013 \u00e8 stato sempre disponibile.<br \/>\nDa anni e incessantemente segnaliamo situazioni ancora difficili, a volte inaccettabili sia per quanto riguarda la manutenzione della Rete Ferroviaria, sia per quella del parco rotabile.<br \/>\nNon sempre abbiamo avuto l\u2019attenzione che meritavamo e pertanto ci aspettiamo che il rispetto di Istituzioni e Aziende si traduca finalmente in veri e attenti investimenti su manutenzione, sicurezza e informazione ai clienti.<br \/>\nAltres\u00ec che gli investimenti siano correttamente valutati e controllati nella loro applicazione, che, riassumendo, finalmente il trasporto regionale diventi centrale nelle scelte di allocazione risorse siano esse regionali o centrali.<br \/>\nNon ci stancheremo di continuare a fare tutto quel che facciamo. Continueremo a farlo con passione, senza mai smettere di essere critici e attenti. Ora sappiamo di doverlo anche alle tre vittime e ai tanti feriti di questo incidente, che sentiamo pi\u00f9 che mai vicini, parte di una grande famiglia di viaggiatori alle prese, ogni giorno, con disagi e problemi.<\/p>\n<p>I Rappresentanti dei viaggiatori alla Conferenza Regionale per il TPL<br \/>\nMatteo Mambretti<br \/>\nLucia Ruggiero<br \/>\nI Comitati Pendolari lombardi<br \/>\nComitato Pendolari del Meratese<br \/>\nComitato Viaggiatori della Milano-Asso (R)<br \/>\nMilano-Mariano\/Camnago (S2-S4)<br \/>\nComitato Pendolari Morengo\/Bariano<br \/>\nComitato Pendolari Bergamaschi<br \/>\nComitato Pendolari Como Lecco<br \/>\nComitato Viaggiatori S9 &#8211; S11<br \/>\nMarco Longoni CVTNS<br \/>\nComitato Pendolari Gallarate Milano<br \/>\nComitato Pendolari Besanino<br \/>\nCoordinamento Provinciale Pendolari Pavesi<br \/>\nComitato Pendolari Bresciani #sbiancalafreccia<br \/>\nComitato Pendolari Direttrice S6<\/p>\n","protected":false},"excerpt":{"rendered":"<p>All&#8217;attenzione di istituzioni lombarde, aziende, stampa e cittadini Milano, 26 gennaio 2018 Noi, rappresentanti dei Comitati dei viaggiatori del trasporto ferroviario lombardo, ci uniamo in una comunicazione che vuole portare [&hellip;]<\/p>\n","protected":false},"author":1,"featured_media":237,"comment_status":"open","ping_status":"open","sticky":false,"template":"","format":"standard","meta":[],"categories":[7],"tags":[],"_links":{"self":[{"href":"https:\/\/www.pendolari-co-lc.it\/index.php\/wp-json\/wp\/v2\/posts\/1047"}],"collection":[{"href":"https:\/\/www.pendolari-co-lc.it\/index.php\/wp-json\/wp\/v2\/posts"}],"about":[{"href":"https:\/\/www.pendolari-co-lc.it\/index.php\/wp-json\/wp\/v2\/types\/post"}],"author":[{"embeddable":true,"href":"https:\/\/www.pendolari-co-lc.it\/index.php\/wp-json\/wp\/v2\/users\/1"}],"replies":[{"embeddable":true,"href":"https:\/\/www.pendolari-co-lc.it\/index.php\/wp-json\/wp\/v2\/comments?post=1047"}],"version-history":[{"count":1,"href":"https:\/\/www.pendolari-co-lc.it\/index.php\/wp-json\/wp\/v2\/posts\/1047\/revisions"}],"predecessor-version":[{"id":1048,"href":"https:\/\/www.pendolari-co-lc.it\/index.php\/wp-json\/wp\/v2\/posts\/1047\/revisions\/1048"}],"wp:featuredmedia":[{"embeddable":true,"href":"https:\/\/www.pendolari-co-lc.it\/index.php\/wp-json\/wp\/v2\/media\/237"}],"wp:attachment":[{"href":"https:\/\/www.pendolari-co-lc.it\/index.php\/wp-json\/wp\/v2\/media?parent=1047"}],"wp:term":[{"taxonomy":"category","embeddable":true,"href":"https:\/\/www.pendolari-co-lc.it\/index.php\/wp-json\/wp\/v2\/categories?post=1047"},{"taxonomy":"post_tag","embeddable":true,"href":"https:\/\/www.pendolari-co-lc.it\/index.php\/wp-json\/wp\/v2\/tags?post=1047"}],"curies":[{"name":"wp","href":"https:\/\/api.w.org\/{rel}","templated":true}]}}