{"id":1049,"date":"2018-01-29T12:01:21","date_gmt":"2018-01-29T11:01:21","guid":{"rendered":"http:\/\/www.pendolari-co-lc.it\/?p=1049"},"modified":"2018-06-06T14:21:04","modified_gmt":"2018-06-06T12:21:04","slug":"lettera-al-presidente-sergio-mattarella","status":"publish","type":"post","link":"https:\/\/www.pendolari-co-lc.it\/index.php\/2018\/01\/29\/lettera-al-presidente-sergio-mattarella\/","title":{"rendered":"Lettera al Presidente Sergio Mattarella"},"content":{"rendered":"<p>Milano, 29 gennaio 2018<br \/>\nIllustrissimo Presidente Sergio Mattarella,<br \/>\nLe scrive un gruppo di Comitati Pendolari di Regione Lombardia.<br \/>\nIn seguito al terribile deragliamento del 25 gennaio scorso, che ha causato tre vittime, numerosi feriti e che ci ha scosso profondamente, ci permettiamo di chiederLe un Suo diretto e forte intervento nei luoghi della tragedia.<br \/>\nTroppo spesso in Italia il trasporto regionale su ferro e gomma non sembra interessare le Istituzioni in modo soddisfacente, n\u00e9 tanto meno i mezzi di comunicazione, che danno risalto alle nostre vite solamente in casi di grave incidente o di eccessivi disagi, alla costante ricerca di scoop ed esasperazioni.<br \/>\nServe invece non dimenticare che la forza lavoro italiana, spesso quella pi\u00f9 preparata e che sceglie di restare in questo Paese, nonostante le difficolt\u00e0, si muove utilizzando proprio quel trasporto regionale che collega i grandi punti di attrazione come Milano o Roma, con i centri pi\u00f9 piccoli.<br \/>\nLa ricerca di un lavoro, cos\u00ec come la scelta della migliore universit\u00e0 per prepararsi a un futuro lavorativo, ricade spesso sulla necessit\u00e0 di spostarsi ogni giorno verso queste grandi citt\u00e0.<br \/>\nI viaggiatori lo fanno tra mille disagi, mille difficolt\u00e0 per far quadrare la propria vita e quella familiare, sapendo che purtroppo il servizio offerto non sar\u00e0 mai dei migliori.<br \/>\nPer questo motivo i Comitati Pendolari della Regione hanno pi\u00f9 volte messo in risalto le necessit\u00e0 d\u2019intervento serio e qualitativamente soddisfacente, sia rispetto alla Rete Ferroviaria sia rispetto allo stato del materiale rotabile.<br \/>\nNon sempre le nostre osservazioni e le nostre critiche sono state correttamente valutate e hanno avuto la giusta attenzione da parte di istituzioni locali e aziende coinvolte. Anzi, fin troppo spesso le nostre rimostranze hanno avuto come risposta il silenzio oppure, peggio ancora, battute e commenti che tendevano a minimizzarle.<br \/>\nDai passaggi a livello bloccati, ai freni mal funzionanti e alle porte guaste, tutto \u00e8 facilmente sottovalutabile finch\u00e9 l\u2019incidente grave non arriva a ricordarci quanto invece la manutenzione debba sempre essere al centro dell\u2019attenzione, per salvaguardare le vite di chi viaggia ogni giorno sui mezzi di trasporto pubblici.<\/p>\n<p>Signor Presidente, per questi motivi ci permettiamo di chiederLe un gesto di vicinanza concreta come segno inequivocabile che lo Stato \u00e8 con noi, che non dimentica, che persegue in ogni modo la verit\u00e0 sull\u2019accaduto e che, soprattutto, far\u00e0 di tutto affinch\u00e9 non si ripeta.<\/p>\n<p>Certi di una Sua iniziativa, Le inviamo il nostro pi\u00f9 profondo ringraziamento unitamente ai nostri migliori saluti.<\/p>\n<p>I Rappresentanti dei Viaggiatori alla Conferenza Regionale per il TPL<br \/>\nMatteo Mambretti<br \/>\nLucia Ruggiero<br \/>\nI Comitati Pendolari Lombardi<br \/>\nComitato Pendolari del Meratese<br \/>\nComitato Viaggiatori della Milano-Asso (R)<br \/>\nMilano-Mariano\/Camnago (S2-S4)<br \/>\nComitato Pendolari Morengo\/Bariano<br \/>\nComitato Pendolari Bergamaschi<br \/>\nComitato Pendolari Como Lecco<br \/>\nComitato Viaggiatori S9 &#8211; S11<br \/>\nMarco Longoni &#8211; UTP<br \/>\nComitato Viaggiatori Trenord Nodo di Saronno<br \/>\nComitato Pendolari Gallarate Milano<br \/>\nComitato Pendolari Besanino<br \/>\nCoordinamento Provinciale Pendolari Pavesi<br \/>\nComitato Pendolari Bresciani #sbiancalafreccia<br \/>\nComitato S6 Milano-Novara<br \/>\nCPC Comitato Pendolari Cremaschi<br \/>\nComitato Pendolari Busto Nord<br \/>\nComitato Linea Cremona-Brescia<\/p>\n","protected":false},"excerpt":{"rendered":"<p>Milano, 29 gennaio 2018 Illustrissimo Presidente Sergio Mattarella, Le scrive un gruppo di Comitati Pendolari di Regione Lombardia. In seguito al terribile deragliamento del 25 gennaio scorso, che ha causato [&hellip;]<\/p>\n","protected":false},"author":1,"featured_media":565,"comment_status":"open","ping_status":"open","sticky":false,"template":"","format":"standard","meta":[],"categories":[3,7],"tags":[],"_links":{"self":[{"href":"https:\/\/www.pendolari-co-lc.it\/index.php\/wp-json\/wp\/v2\/posts\/1049"}],"collection":[{"href":"https:\/\/www.pendolari-co-lc.it\/index.php\/wp-json\/wp\/v2\/posts"}],"about":[{"href":"https:\/\/www.pendolari-co-lc.it\/index.php\/wp-json\/wp\/v2\/types\/post"}],"author":[{"embeddable":true,"href":"https:\/\/www.pendolari-co-lc.it\/index.php\/wp-json\/wp\/v2\/users\/1"}],"replies":[{"embeddable":true,"href":"https:\/\/www.pendolari-co-lc.it\/index.php\/wp-json\/wp\/v2\/comments?post=1049"}],"version-history":[{"count":2,"href":"https:\/\/www.pendolari-co-lc.it\/index.php\/wp-json\/wp\/v2\/posts\/1049\/revisions"}],"predecessor-version":[{"id":1051,"href":"https:\/\/www.pendolari-co-lc.it\/index.php\/wp-json\/wp\/v2\/posts\/1049\/revisions\/1051"}],"wp:featuredmedia":[{"embeddable":true,"href":"https:\/\/www.pendolari-co-lc.it\/index.php\/wp-json\/wp\/v2\/media\/565"}],"wp:attachment":[{"href":"https:\/\/www.pendolari-co-lc.it\/index.php\/wp-json\/wp\/v2\/media?parent=1049"}],"wp:term":[{"taxonomy":"category","embeddable":true,"href":"https:\/\/www.pendolari-co-lc.it\/index.php\/wp-json\/wp\/v2\/categories?post=1049"},{"taxonomy":"post_tag","embeddable":true,"href":"https:\/\/www.pendolari-co-lc.it\/index.php\/wp-json\/wp\/v2\/tags?post=1049"}],"curies":[{"name":"wp","href":"https:\/\/api.w.org\/{rel}","templated":true}]}}