{"id":1129,"date":"2018-06-01T20:22:11","date_gmt":"2018-06-01T18:22:11","guid":{"rendered":"http:\/\/www.pendolari-co-lc.it\/?p=1129"},"modified":"2018-08-24T18:00:50","modified_gmt":"2018-08-24T16:00:50","slug":"merone-presentazione-del-libro-sulla-como-lecco","status":"publish","type":"post","link":"https:\/\/www.pendolari-co-lc.it\/index.php\/2018\/06\/01\/merone-presentazione-del-libro-sulla-como-lecco\/","title":{"rendered":"Merone: presentazione del libro sulla Como-Lecco"},"content":{"rendered":"<div id=\"m_7636777811854190868yiv8245328185yui_3_16_0_ym19_1_1528664905868_7185\" dir=\"ltr\"><span id=\"m_7636777811854190868yiv8245328185yui_3_16_0_ym19_1_1528664905868_6609\">Vi invitiamo alla presentazione del libro sulla &#8220;Ferrovia Como-Lecco: un binario tra ferro, legno e seta nel cuore della verde Brianza&#8221; che si terr\u00e0 nella Sala Consigliare del Comune di Merone, gioved\u00ec 14 giugno ore 20.45.<\/span><\/div>\n<div id=\"m_7636777811854190868yiv8245328185yui_3_16_0_ym19_1_1528664905868_7419\" dir=\"ltr\"><span id=\"m_7636777811854190868yiv8245328185yui_3_16_0_ym19_1_1528664905868_6609\"><a href=\"http:\/\/www.comointreno.it\/dettNews\/merone.aspx\" target=\"_blank\" rel=\"noopener\">A questo link i dettagli della serata.<\/a><br \/>\n<\/span><\/div>\n<div id=\"m_7636777811854190868yiv8245328185yui_3_16_0_ym19_1_1528664905868_7221\" dir=\"ltr\"><span id=\"m_7636777811854190868yiv8245328185yui_3_16_0_ym19_1_1528664905868_6609\">Tra gli invitati al tavolo ci sar\u00e0 anche il nostro Comitato Pendolari che parler\u00e0 anche della qualit\u00e0 del servizio.<\/span><\/div>\n<div id=\"m_7636777811854190868yiv8245328185yui_3_16_0_ym19_1_1528664905868_7361\" dir=\"ltr\"><span id=\"m_7636777811854190868yiv8245328185yui_3_16_0_ym19_1_1528664905868_6609\">Vi aspettiamo numerosi.<\/span><\/div>\n<div dir=\"ltr\"><\/div>\n<div dir=\"ltr\"><a href=\"https:\/\/www.pendolari-co-lc.it\/wp-content\/uploads\/2018\/06\/2018-06-18_merone.jpg\" target=\"_blank\" rel=\"noopener\"><img decoding=\"async\" loading=\"lazy\" class=\"alignnone size-large wp-image-1130\" src=\"https:\/\/www.pendolari-co-lc.it\/wp-content\/uploads\/2018\/06\/2018-06-18_merone-550x778.jpg\" alt=\"\" width=\"550\" height=\"778\" srcset=\"https:\/\/www.pendolari-co-lc.it\/wp-content\/uploads\/2018\/06\/2018-06-18_merone-550x778.jpg 550w, https:\/\/www.pendolari-co-lc.it\/wp-content\/uploads\/2018\/06\/2018-06-18_merone-212x300.jpg 212w, https:\/\/www.pendolari-co-lc.it\/wp-content\/uploads\/2018\/06\/2018-06-18_merone-768x1086.jpg 768w, https:\/\/www.pendolari-co-lc.it\/wp-content\/uploads\/2018\/06\/2018-06-18_merone.jpg 1024w\" sizes=\"(max-width: 550px) 100vw, 550px\" \/><\/a><\/div>\n<div dir=\"ltr\"><\/div>\n","protected":false},"excerpt":{"rendered":"<p>Vi invitiamo alla presentazione del libro sulla &#8220;Ferrovia Como-Lecco: un binario tra ferro, legno e seta nel cuore della verde Brianza&#8221; che si terr\u00e0 nella Sala Consigliare del Comune di [&hellip;]<\/p>\n","protected":false},"author":1,"featured_media":1130,"comment_status":"open","ping_status":"open","sticky":false,"template":"","format":"standard","meta":[],"categories":[3],"tags":[],"_links":{"self":[{"href":"https:\/\/www.pendolari-co-lc.it\/index.php\/wp-json\/wp\/v2\/posts\/1129"}],"collection":[{"href":"https:\/\/www.pendolari-co-lc.it\/index.php\/wp-json\/wp\/v2\/posts"}],"about":[{"href":"https:\/\/www.pendolari-co-lc.it\/index.php\/wp-json\/wp\/v2\/types\/post"}],"author":[{"embeddable":true,"href":"https:\/\/www.pendolari-co-lc.it\/index.php\/wp-json\/wp\/v2\/users\/1"}],"replies":[{"embeddable":true,"href":"https:\/\/www.pendolari-co-lc.it\/index.php\/wp-json\/wp\/v2\/comments?post=1129"}],"version-history":[{"count":4,"href":"https:\/\/www.pendolari-co-lc.it\/index.php\/wp-json\/wp\/v2\/posts\/1129\/revisions"}],"predecessor-version":[{"id":1134,"href":"https:\/\/www.pendolari-co-lc.it\/index.php\/wp-json\/wp\/v2\/posts\/1129\/revisions\/1134"}],"wp:featuredmedia":[{"embeddable":true,"href":"https:\/\/www.pendolari-co-lc.it\/index.php\/wp-json\/wp\/v2\/media\/1130"}],"wp:attachment":[{"href":"https:\/\/www.pendolari-co-lc.it\/index.php\/wp-json\/wp\/v2\/media?parent=1129"}],"wp:term":[{"taxonomy":"category","embeddable":true,"href":"https:\/\/www.pendolari-co-lc.it\/index.php\/wp-json\/wp\/v2\/categories?post=1129"},{"taxonomy":"post_tag","embeddable":true,"href":"https:\/\/www.pendolari-co-lc.it\/index.php\/wp-json\/wp\/v2\/tags?post=1129"}],"curies":[{"name":"wp","href":"https:\/\/api.w.org\/{rel}","templated":true}]}}