{"id":1338,"date":"2019-11-05T14:00:56","date_gmt":"2019-11-05T13:00:56","guid":{"rendered":"http:\/\/www.pendolari-co-lc.it\/?p=1338"},"modified":"2020-06-20T07:37:49","modified_gmt":"2020-06-20T05:37:49","slug":"comunicato-stampa-5-7-novembre-2019-tavoli-di-quadrante-del-servizio-ferroviario-regionale","status":"publish","type":"post","link":"https:\/\/www.pendolari-co-lc.it\/index.php\/2019\/11\/05\/comunicato-stampa-5-7-novembre-2019-tavoli-di-quadrante-del-servizio-ferroviario-regionale\/","title":{"rendered":"Comunicato stampa. 5\/7 NOVEMBRE 2019: TAVOLI DI QUADRANTE DEL SERVIZIO FERROVIARIO REGIONALE"},"content":{"rendered":"\n<p><\/p>\n\n\n\n<p>Oggi, 5 novembre, si terr\u00e0 in Regione il primo dei Tavoli di Quadrante, o meglio il Tavolo dei Quadranti Est e Sud, mentre il 7 ci sar\u00e0 il Tavolo di Quadrante Nord e Ovest.<br> Per la seconda volta consecutiva, questi incontri \u2013 che ricordiamo hanno l\u2019importante compito di fare il punto sull\u2019andamento del servizio per lo sviluppo del servizio ferroviario \u2013 non verranno fatti singolarmente (cio\u00e8 un incontro ciascun quadrante in cui \u00e8 divisa la nostra regione) ma verranno accorpati insieme a due a due. Come gi\u00e0 ribadito in occasione dell\u2019incontro di giugno, dove addirittura ci fu un solo incontro, siamo amareggiati e contrari a questa modalit\u00e0 di confronto che tale non pu\u00f2 essere gi\u00e0 a priori. \u00c8 evidente che comprimere le istanze dei rappresentanti dei viaggiatori dei due quadranti, formati da decine di comitati e associazioni, fa s\u00ec che il tempo a disposizione di ciascuno non possa essere sufficiente per instaurare un efficace scambio reciproco di informazioni tra le varie parti in causa (Regione Lombardia, Trenord, RFI e Ferrovie Nord). Piuttosto, il tutto verr\u00e0 ricondotto ad una mera esposizione di dati in una \u201cconferenza stampa\u201d monodirezionale, come per altro gi\u00e0 avvenuto appunto a giugno, dove ciascun rappresentante aveva tre minuti contati per portare le osservazioni e i suggerimenti degli utenti, come peraltro previsto dal Contratto di Servizio tra Trenord e Regione Lombardia. I viaggiatori e i contribuenti di Regione Lombardia meritano di pi\u00f9 che tre minuti di attenzione delle istituzioni, dell\u2019impresa ferroviaria e dei gestori dell\u2019infrastruttura.<br> Parlando di Contratto di Servizio, sarebbe auspicabile che in questa sede, o ancor meglio in Conferenza Regionale del TPL, qualora venisse finalmente convocata cos\u00ec come pi\u00f9 volte promesso dell\u2019Assessore Terzi, Regione Lombardia ci comunicasse secondo quali criteri verr\u00e0 rinnovato il contratto a Trenord per il quinquennio 2020-2025, se \u00e8 stata presa in considerazione la possibilit\u00e0 di mettere a gara parte del servizio o in caso di un ennesimo affidamento diretto a Trenord quali siano i miglioramenti che saranno apportati al contratto per garantire ai cittadini lombardi un servizio affidabile e di qualit\u00e0.<br> Auspichiamo infine che tutte le istituzioni, a tutti i livelli e indipendentemente dai partiti che ne rappresentano la maggioranza, tornino a lavorare per un sistema efficace di mobilit\u00e0 sostenibile, lasciando da parte calcoli elettorali e meri tornaconti politici che ultimamente hanno prevalso sugli interessi dei viaggiatori lombardi.<br> ASSOCIAZIONE MI.MO.AL<br> ASSOCIAZIONE PENDOLARI NOVESI<br> COMITATO INORARIO (LINEA MN-CR-MI)<br> COMITATO MILANO ASSO<br> COMITATO PENDOLARI BERGAMASCHI<br> COMITATO PENDOLARI COMO<br> COMITATO PENDOLARI DELLA BASSA BERGAMASCA<br> COMITATO PENDOLARI DEL MERATESE<br> COMITATO PENDOLARI DI ROMANO<br> COMITATO PENDOLARI GALLARATE MILANO OK<br> COMITATO PENDOLARI LECCO COMO<br> COMITATO PENDOLARI S6 MILANO NOVARA<br> COMITATO PENDOLARI CREMASCHI<br> COORDINAMENTO PROVINCIALE PAVESI<br> COMITATO TRASPORTI LECCHESI<br> COMITATO VIAGGIATORI S9\/S11<br> COMITATO VIAGGIATORI TRENORD NODO DI SARONNO<br> RAPPRESENTANTI DELLA ARONA DOMODOSSOLA MILANO<br> S7 BESANINO<br> UTP<br> I RAPPRESENTANTI DEI VIAGGIATORI<\/p>\n","protected":false},"excerpt":{"rendered":"<p>Oggi, 5 novembre, si terr\u00e0 in Regione il primo dei Tavoli di Quadrante, o meglio il Tavolo dei Quadranti Est e Sud, mentre il 7 ci sar\u00e0 il Tavolo di [&hellip;]<\/p>\n","protected":false},"author":1,"featured_media":237,"comment_status":"open","ping_status":"open","sticky":false,"template":"","format":"standard","meta":[],"categories":[7],"tags":[],"_links":{"self":[{"href":"https:\/\/www.pendolari-co-lc.it\/index.php\/wp-json\/wp\/v2\/posts\/1338"}],"collection":[{"href":"https:\/\/www.pendolari-co-lc.it\/index.php\/wp-json\/wp\/v2\/posts"}],"about":[{"href":"https:\/\/www.pendolari-co-lc.it\/index.php\/wp-json\/wp\/v2\/types\/post"}],"author":[{"embeddable":true,"href":"https:\/\/www.pendolari-co-lc.it\/index.php\/wp-json\/wp\/v2\/users\/1"}],"replies":[{"embeddable":true,"href":"https:\/\/www.pendolari-co-lc.it\/index.php\/wp-json\/wp\/v2\/comments?post=1338"}],"version-history":[{"count":1,"href":"https:\/\/www.pendolari-co-lc.it\/index.php\/wp-json\/wp\/v2\/posts\/1338\/revisions"}],"predecessor-version":[{"id":1339,"href":"https:\/\/www.pendolari-co-lc.it\/index.php\/wp-json\/wp\/v2\/posts\/1338\/revisions\/1339"}],"wp:featuredmedia":[{"embeddable":true,"href":"https:\/\/www.pendolari-co-lc.it\/index.php\/wp-json\/wp\/v2\/media\/237"}],"wp:attachment":[{"href":"https:\/\/www.pendolari-co-lc.it\/index.php\/wp-json\/wp\/v2\/media?parent=1338"}],"wp:term":[{"taxonomy":"category","embeddable":true,"href":"https:\/\/www.pendolari-co-lc.it\/index.php\/wp-json\/wp\/v2\/categories?post=1338"},{"taxonomy":"post_tag","embeddable":true,"href":"https:\/\/www.pendolari-co-lc.it\/index.php\/wp-json\/wp\/v2\/tags?post=1338"}],"curies":[{"name":"wp","href":"https:\/\/api.w.org\/{rel}","templated":true}]}}