{"id":1364,"date":"2019-11-27T23:50:55","date_gmt":"2019-11-27T22:50:55","guid":{"rendered":"http:\/\/www.pendolari-co-lc.it\/?p=1364"},"modified":"2019-11-27T23:53:44","modified_gmt":"2019-11-27T22:53:44","slug":"comunicato-stampa","status":"publish","type":"post","link":"https:\/\/www.pendolari-co-lc.it\/index.php\/2019\/11\/27\/comunicato-stampa\/","title":{"rendered":"Comunicato Stampa, nuovamente sul debutto del servizio per Como Citt\u00e0 dei Balocchi"},"content":{"rendered":"\n<p>Il presente CS si rende necessario per ribadire e dettagliare quanto descritto nel comunicato relativo al debutto del servizio ferroviario domenicale sulla Como-Lecco, che abbiamo inviato alla stampa e che abbiamo pubblicato la mattina di luned\u00ec 25 novembre sul nostro sito.<br><\/p>\n\n\n\n<p>Alla luce degli articoli apparsi ieri sulla stampa locale ed alla replica che Trenord ha pubblicato ieri mattina sulla propria APP, nella quale afferma che il nostro comunicato fosse l\u2019esternazione di un viaggiatore e che quindi gli articoli di giornale non fossero attendibili, riteniamo importante comunicare quanto segue.<\/p>\n\n\n\n<p><br>Il giorno del debutto del servizio ferroviario domenicale pomeridiano sulla linea Como-Lecco, domenica 24 novembre, i primi 4 treni sono stati soppressi, gli avvisi di Trenord tramite l&#8217;APP parlavano di treni cancellati -senza una motivazione chiara- ; a domanda precisa al responsabile della comunicazione dell&#8217;azienda, abbiamo avuto risposta che un treno aveva problemi, ma che poi il problema era rientrato e quindi i treni avrebbero circolato regolarmente.<\/p>\n\n\n\n<p><br>Al Comitato \u00e8 per\u00f2 pervenuta una segnalazione nella quale i viaggiatori si lamentavano del fatto che i treni non ci sarebbero stati e che la motivazione della cancellazione di quelle corse fosse dovuta al fatto che mancasse il personale macchinista; questo \u00e8 confermato da inequivocabili commenti -a firma di persone molto vicine all\u2019organizzazione e informate sui fatti- che sono stati scritti su di una pagina Facebook dove si segnalava proprio l\u2019iniziativa dei dei treni speciali.<\/p>\n\n\n\n<p>\u00c8 quindi legittimo affermare che, a nostro avviso, viste le esternazioni che sono state affidate ai social network, la cancellazione delle prime 4 corse sia dovuta ad un problema nell&#8217;organizzazione del personale, e che quindi si sia dovuti correre ai ripari in una situazione emergenziale.<\/p>\n\n\n\n<p>Quindi questa indiscrezione non \u00e8 frutto della nostra fantasia.<\/p>\n\n\n\n<p><br>Detto questo, le persone che per la prima volta si sono avvicinate a questo servizio, dopo la &#8220;scottata&#8221; di domenica forse non le rivedremo pi\u00f9 sul treno; dopo essere rimaste in stazione a Lecco, Oggiono, Molteno, Merone e Cant\u00f9 ad aspettare un treno per Como che non \u00e8 arrivato, dopo due ore (perch\u00e8 i treni soppressi sono stati due di fila) si sono stufati e hanno rinunciato al treno, tornando a usare l&#8217;auto, o hanno rinunciato a raggiungere Como.<\/p>\n\n\n\n<p><br>Concludiamo ringraziando nuovamente tutti gli Enti che hanno promosso l&#8217;istituzione dei treni speciali di domenica pomeriggio e nei festivi sulla Como-Lecco in occasione di Como Citt\u00e0 dei Balocchi; siamo certi che con l&#8217;adeguata pubblicizzazione da parte degli Enti Territoriali, la linea potr\u00e0 essere utilizzata per raggiungere Como in questa bella occasione natalizia.<\/p>\n\n\n\n<p>Noi faremo la nostra parte, come sempre, armati solo della sola buona volont\u00e0 ed avvieremo una campagna di pubblicizzazione dei treni speciali, stazione per stazione e in tutte le Amministrazioni del territorio.<\/p>\n\n\n\n<p><br>Comitato Pendolari Como-Lecco, 27\/11\/2019<\/p>\n","protected":false},"excerpt":{"rendered":"<p>Il presente CS si rende necessario per ribadire e dettagliare quanto descritto nel comunicato relativo al debutto del servizio ferroviario domenicale sulla Como-Lecco, che abbiamo inviato alla stampa e che [&hellip;]<\/p>\n","protected":false},"author":1,"featured_media":237,"comment_status":"open","ping_status":"open","sticky":false,"template":"","format":"standard","meta":[],"categories":[7],"tags":[],"_links":{"self":[{"href":"https:\/\/www.pendolari-co-lc.it\/index.php\/wp-json\/wp\/v2\/posts\/1364"}],"collection":[{"href":"https:\/\/www.pendolari-co-lc.it\/index.php\/wp-json\/wp\/v2\/posts"}],"about":[{"href":"https:\/\/www.pendolari-co-lc.it\/index.php\/wp-json\/wp\/v2\/types\/post"}],"author":[{"embeddable":true,"href":"https:\/\/www.pendolari-co-lc.it\/index.php\/wp-json\/wp\/v2\/users\/1"}],"replies":[{"embeddable":true,"href":"https:\/\/www.pendolari-co-lc.it\/index.php\/wp-json\/wp\/v2\/comments?post=1364"}],"version-history":[{"count":2,"href":"https:\/\/www.pendolari-co-lc.it\/index.php\/wp-json\/wp\/v2\/posts\/1364\/revisions"}],"predecessor-version":[{"id":1366,"href":"https:\/\/www.pendolari-co-lc.it\/index.php\/wp-json\/wp\/v2\/posts\/1364\/revisions\/1366"}],"wp:featuredmedia":[{"embeddable":true,"href":"https:\/\/www.pendolari-co-lc.it\/index.php\/wp-json\/wp\/v2\/media\/237"}],"wp:attachment":[{"href":"https:\/\/www.pendolari-co-lc.it\/index.php\/wp-json\/wp\/v2\/media?parent=1364"}],"wp:term":[{"taxonomy":"category","embeddable":true,"href":"https:\/\/www.pendolari-co-lc.it\/index.php\/wp-json\/wp\/v2\/categories?post=1364"},{"taxonomy":"post_tag","embeddable":true,"href":"https:\/\/www.pendolari-co-lc.it\/index.php\/wp-json\/wp\/v2\/tags?post=1364"}],"curies":[{"name":"wp","href":"https:\/\/api.w.org\/{rel}","templated":true}]}}