{"id":1486,"date":"2020-01-24T12:35:34","date_gmt":"2020-01-24T11:35:34","guid":{"rendered":"http:\/\/www.pendolari-co-lc.it\/?p=1486"},"modified":"2020-01-24T12:37:22","modified_gmt":"2020-01-24T11:37:22","slug":"25-gennaio-2018-quel-treno-per-milano-non-e-mai-arrivato","status":"publish","type":"post","link":"https:\/\/www.pendolari-co-lc.it\/index.php\/2020\/01\/24\/25-gennaio-2018-quel-treno-per-milano-non-e-mai-arrivato\/","title":{"rendered":"25 gennaio 2018: quel treno per Milano non \u00e8 mai arrivato."},"content":{"rendered":"\n<div class=\"wp-block-image\"><figure class=\"alignleft size-medium\"><a href=\"https:\/\/www.pendolari-co-lc.it\/wp-content\/uploads\/2020\/01\/25-gennaio-treno-pioltello.jpg\" target=\"_blank\" rel=\"noreferrer noopener\"><img decoding=\"async\" loading=\"lazy\" width=\"212\" height=\"300\" src=\"https:\/\/www.pendolari-co-lc.it\/wp-content\/uploads\/2020\/01\/25-gennaio-treno-pioltello-212x300.jpg\" alt=\"\" class=\"wp-image-1487\" srcset=\"https:\/\/www.pendolari-co-lc.it\/wp-content\/uploads\/2020\/01\/25-gennaio-treno-pioltello-212x300.jpg 212w, https:\/\/www.pendolari-co-lc.it\/wp-content\/uploads\/2020\/01\/25-gennaio-treno-pioltello-550x779.jpg 550w, https:\/\/www.pendolari-co-lc.it\/wp-content\/uploads\/2020\/01\/25-gennaio-treno-pioltello.jpg 678w\" sizes=\"(max-width: 212px) 100vw, 212px\" \/><\/a><\/figure><\/div>\n\n\n\n<p>Sono passati due anni da quella terribile mattina, quando il regionale Cremona Milano delle 5.43 all\u2019altezza di Seggiano di Pioltello, dopo la stazione di Pioltello-Limito \u00e8 deragliato dal binario a causa di uno spezzone di rotaia&#8221; di 23 centimetri\u201d che si \u00e8 spezzato. Quell\u2019incidente \u00e8 costato la vita a Ida, Giuseppina e Pierangela: tre donne lavoratrici, pendolari che quotidianamente affrontavano una dura giornata lavorativa nelle peripezie dei viaggi quotidiani. Avevano scelto di prendere il treno, che nonostante tutto \u00e8 e dovrebbe essere il mezzo pi\u00f9 sicuro rispetto alla macchina. Quella mattina per\u00f2 la fatalit\u00e0 \u00e8 diventata tragica realt\u00e0. Quel treno che correva verso Milano, ha finito la sua corsa in mezzo ad un campo e le nostre pendolari in un attimo hanno perso tutto, vite, sogni e speranze. Non dimentichiamo oltre le vittime, i 97 tra feriti gravi e lievi che hanno subito traumi psicologici e disturbi da stress come indicato nell&#8217;inchiesta. <strong>Stando alle attuali evidenze dell\u2019inchiesta, la procura ha contestato la responsabilit\u00e0 di dipendenti e tecnici Rfi e dell\u2019Agenzia Nazionale per la sicurezza delle Ferrovie.<\/strong> Il mondo politico regionale e nazionale si \u00e8 assunto due grandi impegni, che non possono essere assolutamente disattesi: &#8211; Vicinanza alle vittime e ai feriti della strage, non solo verbale ma anche nei fatti; &#8211; Garantire ai viaggiatori il diritto di viaggiare in sicurezza. I comitati pendolari della Lombardia e i rappresentanti dei viaggiatori chiedono pertanto a Regione Lombardia, nella persona del Presidente Fontana, all\u2019assessore ai trasporti e all\u2019intero Consiglio regionale quanto segue: &#8211; Portare al primo consiglio regionale, un dossier sullo stato della rete Lombarda, con le criticit\u00e0 ancora presenti e quelle risolte; Il diritto alla sicurezza sui treni deve essere garantito senza se e senza ma. Le nostre pendolari che hanno perso la vita, non devono essere ricordate solo per le statistiche della sicurezza e degli incidenti; Le persone non sono numeri, sono vite: valori inestimabili che i loro famigliari non avranno mai pi\u00f9 indietro. \u201cQuel treno che si \u00e8 fermato, ora deve riprendere a viaggiare\u201d<br> Firme:<br> Associazione MI.MO.AL.<br> Associazione Pendolari Novesi (APN)<br> Comitato Mobilit\u00e0 Ecosostenibile del Vimercatese<br> Comitato Pendolari Bergamaschi<br> Comitato Pendolari Como \u2013 Lecco<br> Comitato Pendolari Cremaschi<br> Comitato Pendolari della Bassa Bergamasca<br> Comitato Pendolari del Meratese<br> Comitato Pendolari Gallarate \u2013<br> Milano Comitato Pendolari linea S6 Milano \u2013 Novara<br> Comitato Pendolari Romano<br> Comitato Pendolari Trenord Busto Arsizio<br> Comitato Trasporti Lecchese<br> Comitato Viaggiatori e Pendolari della Milano \u2013 Asso<br> Comitato Viaggiatori S9\/S11<br> Comitato Viaggiatori Trenord Nodo di Saronno<br> Coordinamento Provinciale Pendolari Pavesi InOrario:<br> Comitato Pendolari linea Mantova Cremona Milano<br> Pendolino della Brianza \u2013 S7 Besanino<br>Sbiancalafreccia<br>Rappresentanti della linea Domodossola \u2013 Arona \u2013 MilanoUTP \u2013 Utenti del Trasporto Pubblico Regione Lombardia<br> Rappresentanti Regionali dei Viaggiatori:<br>Franco Aggio Giorgio Dah\u00f2 Stefano Lorenzi Francesco Ninno Sara Salmoiraghi<\/p>\n","protected":false},"excerpt":{"rendered":"<p>Sono passati due anni da quella terribile mattina, quando il regionale Cremona Milano delle 5.43 all\u2019altezza di Seggiano di Pioltello, dopo la stazione di Pioltello-Limito \u00e8 deragliato dal binario a [&hellip;]<\/p>\n","protected":false},"author":1,"featured_media":1487,"comment_status":"open","ping_status":"open","sticky":false,"template":"","format":"standard","meta":[],"categories":[7],"tags":[],"_links":{"self":[{"href":"https:\/\/www.pendolari-co-lc.it\/index.php\/wp-json\/wp\/v2\/posts\/1486"}],"collection":[{"href":"https:\/\/www.pendolari-co-lc.it\/index.php\/wp-json\/wp\/v2\/posts"}],"about":[{"href":"https:\/\/www.pendolari-co-lc.it\/index.php\/wp-json\/wp\/v2\/types\/post"}],"author":[{"embeddable":true,"href":"https:\/\/www.pendolari-co-lc.it\/index.php\/wp-json\/wp\/v2\/users\/1"}],"replies":[{"embeddable":true,"href":"https:\/\/www.pendolari-co-lc.it\/index.php\/wp-json\/wp\/v2\/comments?post=1486"}],"version-history":[{"count":2,"href":"https:\/\/www.pendolari-co-lc.it\/index.php\/wp-json\/wp\/v2\/posts\/1486\/revisions"}],"predecessor-version":[{"id":1489,"href":"https:\/\/www.pendolari-co-lc.it\/index.php\/wp-json\/wp\/v2\/posts\/1486\/revisions\/1489"}],"wp:featuredmedia":[{"embeddable":true,"href":"https:\/\/www.pendolari-co-lc.it\/index.php\/wp-json\/wp\/v2\/media\/1487"}],"wp:attachment":[{"href":"https:\/\/www.pendolari-co-lc.it\/index.php\/wp-json\/wp\/v2\/media?parent=1486"}],"wp:term":[{"taxonomy":"category","embeddable":true,"href":"https:\/\/www.pendolari-co-lc.it\/index.php\/wp-json\/wp\/v2\/categories?post=1486"},{"taxonomy":"post_tag","embeddable":true,"href":"https:\/\/www.pendolari-co-lc.it\/index.php\/wp-json\/wp\/v2\/tags?post=1486"}],"curies":[{"name":"wp","href":"https:\/\/api.w.org\/{rel}","templated":true}]}}