{"id":1540,"date":"2020-04-20T10:48:46","date_gmt":"2020-04-20T08:48:46","guid":{"rendered":"http:\/\/www.pendolari-co-lc.it\/?p=1540"},"modified":"2020-06-20T08:15:17","modified_gmt":"2020-06-20T06:15:17","slug":"la-nuova-vita-del-trasporto-pubblico-locale-ai-tempi-del-coronavirus","status":"publish","type":"post","link":"https:\/\/www.pendolari-co-lc.it\/index.php\/2020\/04\/20\/la-nuova-vita-del-trasporto-pubblico-locale-ai-tempi-del-coronavirus\/","title":{"rendered":"La nuova vita (del Trasporto Pubblico Locale) ai tempi del Coronavirus."},"content":{"rendered":"\n<p>COMITATI DEI PENDOLARI E DEI VIAGGIATORI DEL TPL DELLA LOMBARDIA.<br>La nuova vita (del Trasporto Pubblico Locale) ai tempi del Coronavirus.<\/p>\n\n\n\n<p>Dopo diverse settimane di blocco di tutte le attivit\u00e0 non essenziali, Governo e Regioni annunciano che&nbsp; siamo ormai prossimi all\u2019avvio della cosiddetta fase 2 di \u201ccoesistenza\u201d col COVID 19, quale inizio del progressivo ritorno alla normalit\u00e0. Per quanto riguarda il Trasporto Pubblico, fioriscono ipotesi e richiami a \u2018cabine di regia\u2019, che ci auguriamo composte da persone competenti e, soprattutto, che siano in grado di programmare i servizi in modo da poter raggiungere le attivit\u00e0 riaperte garantendo la giusta disponibilit\u00e0 di mezzi ed in sicurezza.<\/p>\n\n\n\n<p>Al di l\u00e0 del giusto interrogativo sui modi e sui tempi della riapertura, al quale la politica non ci ha ancora dato delle risposte chiare, \u00e8 indubbio che sui mezzi pubblici dovranno essere garantite senza eccezioni le medesime regole di \u201cdistanziamento sociale\u201d come nei luoghi di lavoro e, in particolare, che la capacit\u00e0 offerta sui mezzi di trasporto pubblico sia coerente con le ipotesi che circolano di scaglionamento degli ingressi e di estensione dell\u2019arco lavorativo.<\/p>\n\n\n\n<p>Sappiamo che ci\u00f2 non \u00e8 avvenuto nei primi giorni di emergenza sanitaria, a causa di grossolani errori nella programmazione dei servizi, sia urbani che extraurbani, e quindi ci auguriamo che gli Enti Regolatori, ed in primis Regione Lombardia, mettano in atto le dovute azioni di controllo sui Gestori dei servizi per evitare che si ripetano situazioni che mettono in pericolo la salute dei viaggiatori.<\/p>\n\n\n\n<p><strong>Sia chiaro che, in questa situazione, sia imprescindibile che debba essere garantito il 100% delle corse sull\u2019intero arco del servizio giornaliero e settimanale<\/strong>.<\/p>\n\n\n\n<p>Invece, leggiamo sul Giorno del 17 aprile scorso che, in un\u2019intervista all\u2019AD di Trenord Piuri, si parla di passare a maggio dal 40% attuale al 60% del volume di servizio, a fronte di un coefficiente di occupazione ridotto al 40% della capienza. Ci\u00f2 significa che i pendolari si troverebbero ad avere, di fatto, una riduzione dei posti offerti a meno di un quarto, sui medesimi treni ove in tempi normali si superava frequentemente \u2013 e di molto \u2013 la capacit\u00e0. Ci domandiamo con quale consapevolezza sui numeri effettivamente in gioco l\u2019AD di Trenord faccia simili affermazioni, ma anche cosa ne pensino il Presidente Fontana, cos\u00ec frettoloso nel voler \u201cripartire\u201d, e l\u2019assessore Terzi.<\/p>\n\n\n\n<p>Ci teniamo pertanto a sottolineare due cose.<\/p>\n\n\n\n<p>Innanzitutto quanto siano fondate le stime dell\u2019AD di Trenord sulla riduzione di capienza, in particolare se consideri i viaggiatori in piedi. Altre stime basate sulla distanza di un metro riducono la capacit\u00e0 dei mezzi, treni ma anche autobus, a un quarto e ad un quinto del valore nominale, ovvero della met\u00e0 di quanto dice Piuri, per cui non vorremmo che avesse fatto i conti senza l\u2019oste.<\/p>\n\n\n\n<p>Ma soprattutto non deve passare il concetto che sia Trenord a decidere, dando tutto per pacifico e scontato, quanta percentuale dell\u2019Azienda debba essere riattivata o meno, visto che Trenord \u00e8 un fornitore di servizi la cui titolarit\u00e0 \u00e8 in capo a Regione Lombardia, la quale \u00e8 allo stesso tempo responsabile delle modalit\u00e0 di attuazione della \u201cfase 2\u201d.<\/p>\n\n\n\n<p>Ma, anche con l\u2019ipotesi ottimistica di Piuri, ci chiediamo ad esempio chi e come garantir\u00e0 l\u2019accesso ordinato ai treni, quanto questo accesso influir\u00e0 su eventuali ritardi, e soprattutto come verr\u00e0 rivisto l\u2019orario a fronte di una probabile espansione degli orari di lavoro verso le prime ore del mattino e le ultime della sera.<\/p>\n\n\n\n<p>Questo ultimo aspetto richieder\u00e0 pi\u00f9 servizi in un arco pi\u00f9 grande della giornata: e allora quel 60% potrebbe risultare<a>, anzi con tutta evidenza lo sar\u00e0 per certo, <\/a>stimato per difetto. Non tutto sar\u00e0 smart working, non tutto si potr\u00e0 spostare di fascia oraria: potremmo trovarci a dover gestire il problema del distanziamento sociale ancora nelle vecchie fasce di punta, almeno finch\u00e9 non vi sar\u00e0 un nuovo paradigma di vita.<\/p>\n\n\n\n<p>Chiediamo quindi che il dibattito non avvenga solo nelle chiuse stanze del potere, ma si apra al dialogo con la possibilit\u00e0, da parte nostra, di integrare con le nostre informazioni, conoscenze e competenze di prima mano o raccolte dai Viaggiatori della rete lombarda,&nbsp; quanto si sta avviando per programmare un futuro al TPL.<\/p>\n\n\n\n<p>L\u2019invito, ancora una volta, lo facciamo a Regione Lombardia: siamo la voce dell\u2019ultimo miglio, ascoltiamo quotidianamente i nostri rappresentati, ne raccogliamo le speranze ma anche le legittime Paure. Come rappresentanti dei Viaggiatori e Comitati Lombardi, <strong>sappiamo e vogliamo dire la nostra<\/strong>.<\/p>\n\n\n\n<p>RAPPRESENTANTI DEI VIAGGIATORI E REFERENTI DEI COMITATI PENDOLARI LOMBARDI<\/p>\n\n\n\n<p>Milano, 20 aprile 2020<\/p>\n\n\n\n<p><strong>Firme:<\/strong><\/p>\n\n\n\n<p>Associazione MI.MO.AL.<\/p>\n\n\n\n<p>Associazione Pendolari Novesi (APN)<\/p>\n\n\n\n<p>Comitato Mobilit\u00e0 Ecosostenibile del Vimercatese<\/p>\n\n\n\n<p>Comitato Pendolari Bergamaschi<\/p>\n\n\n\n<p>Comitato Pendolari Como \u2013 Lecco<\/p>\n\n\n\n<p>Comitato PendolariComo<\/p>\n\n\n\n<p>Comitato Pendolari Cremaschi<\/p>\n\n\n\n<p>Comitato Pendolari della Bassa Bergamasca<\/p>\n\n\n\n<p>Comitato Pendolari del Meratese<\/p>\n\n\n\n<p>Comitato Pendolari Gallarate \u2013 Milano<\/p>\n\n\n\n<p>Comitato Pendolari linea S6 Milano \u2013 Novara<\/p>\n\n\n\n<p>Comitato Pendolari Romano<\/p>\n\n\n\n<p>Comitato Trasporti Lecchese<\/p>\n\n\n\n<p>Comitato pendolari Lecco-Milano<\/p>\n\n\n\n<p>Comitato Viaggiatori e Pendolari della Milano \u2013 Asso<\/p>\n\n\n\n<p>Comitato Viaggiatori S9\/S11<\/p>\n\n\n\n<p>Comitato Viaggiatori Trenord Nodo di Saronno<\/p>\n\n\n\n<p>Coordinamento Provinciale Pendolari Pavesi<\/p>\n\n\n\n<p>InOrario: Comitato Pendolari linea Mantova Cremona Milano<\/p>\n\n\n\n<p>Pendolino della Brianza \u2013 S7 Besanino<\/p>\n\n\n\n<p>Rappresentanti della linea Domodossola \u2013 Arona \u2013 Milano<\/p>\n\n\n\n<p>#sbiancalafreccia<\/p>\n\n\n\n<p>Comitato Viaggiatori e Pendolari San Zenone al Lambro e comuni limitrofi<\/p>\n\n\n\n<p>UTP \u2013 Utenti del Trasporto Pubblico Regione Lombardia<\/p>\n\n\n\n<p>Rappresentanti Regionali dei Viaggiatori:<\/p>\n\n\n\n<p>Franco Aggio<\/p>\n\n\n\n<p>Giorgio Dah\u00f2<\/p>\n\n\n\n<p>Stefano Lorenzi<\/p>\n\n\n\n<p>Francesco Ninno<\/p>\n","protected":false},"excerpt":{"rendered":"<p>COMITATI DEI PENDOLARI E DEI VIAGGIATORI DEL TPL DELLA LOMBARDIA.La nuova vita (del Trasporto Pubblico Locale) ai tempi del Coronavirus. Dopo diverse settimane di blocco di tutte le attivit\u00e0 non [&hellip;]<\/p>\n","protected":false},"author":1,"featured_media":237,"comment_status":"open","ping_status":"open","sticky":false,"template":"","format":"standard","meta":[],"categories":[3,7],"tags":[],"_links":{"self":[{"href":"https:\/\/www.pendolari-co-lc.it\/index.php\/wp-json\/wp\/v2\/posts\/1540"}],"collection":[{"href":"https:\/\/www.pendolari-co-lc.it\/index.php\/wp-json\/wp\/v2\/posts"}],"about":[{"href":"https:\/\/www.pendolari-co-lc.it\/index.php\/wp-json\/wp\/v2\/types\/post"}],"author":[{"embeddable":true,"href":"https:\/\/www.pendolari-co-lc.it\/index.php\/wp-json\/wp\/v2\/users\/1"}],"replies":[{"embeddable":true,"href":"https:\/\/www.pendolari-co-lc.it\/index.php\/wp-json\/wp\/v2\/comments?post=1540"}],"version-history":[{"count":2,"href":"https:\/\/www.pendolari-co-lc.it\/index.php\/wp-json\/wp\/v2\/posts\/1540\/revisions"}],"predecessor-version":[{"id":1543,"href":"https:\/\/www.pendolari-co-lc.it\/index.php\/wp-json\/wp\/v2\/posts\/1540\/revisions\/1543"}],"wp:featuredmedia":[{"embeddable":true,"href":"https:\/\/www.pendolari-co-lc.it\/index.php\/wp-json\/wp\/v2\/media\/237"}],"wp:attachment":[{"href":"https:\/\/www.pendolari-co-lc.it\/index.php\/wp-json\/wp\/v2\/media?parent=1540"}],"wp:term":[{"taxonomy":"category","embeddable":true,"href":"https:\/\/www.pendolari-co-lc.it\/index.php\/wp-json\/wp\/v2\/categories?post=1540"},{"taxonomy":"post_tag","embeddable":true,"href":"https:\/\/www.pendolari-co-lc.it\/index.php\/wp-json\/wp\/v2\/tags?post=1540"}],"curies":[{"name":"wp","href":"https:\/\/api.w.org\/{rel}","templated":true}]}}