{"id":1558,"date":"2020-06-04T10:09:00","date_gmt":"2020-06-04T08:09:00","guid":{"rendered":"http:\/\/www.pendolari-co-lc.it\/?p=1558"},"modified":"2020-09-11T16:46:24","modified_gmt":"2020-09-11T14:46:24","slug":"linea-ferroviaria-como-lecco-perche-questo-non-servizio-assessore-terzi","status":"publish","type":"post","link":"https:\/\/www.pendolari-co-lc.it\/index.php\/2020\/06\/04\/linea-ferroviaria-como-lecco-perche-questo-non-servizio-assessore-terzi\/","title":{"rendered":"Assessore Terzi, perch\u00e9 questo NON-Servizio sulla Como-Lecco?"},"content":{"rendered":"\n<p>Egr. Assessore Terzi,<br>Egr. Consigliere Presidente Fermi<br>Egr. Consigliere Sottosegretario Turba<br>Egr.i Consiglieri Regionali,&nbsp;Presidenti di Provincia, Sindaci,&nbsp;Assessori e Consiglieri Comunali<\/p>\n\n\n\n<p>Egr. Assessore Terzi,<br>Le avevamo scritto il 29 marzo (<a href=\"https:\/\/www.pendolari-co-lc.it\/index.php\/2020\/05\/01\/covid-19-fase-2-proposta-per-la-linea-como-lecco\/\" target=\"_blank\" rel=\"noreferrer noopener\">qui la lettera<\/a>), suggerendo l&#8217;incremento di servizio che a nostro avviso Trenord avrebbe dovuto apportare per consentire l&#8217;utilizzabilit\u00e0 della linea Como-Lecco da parte dei viaggiatori a decorrere dalla cosiddetta fase 2 dell&#8217;emergenza Covid; purtroppo non abbiamo ricevuto una Sua risposta e sulla Como-Lecco vengono effettuate solamente 10 corse delle 23 abituali e al mattino vi sono solamente una corsa per direzione e un buco di ben 6 ore senza alcun treno: praticamente un servizio azzoppato che non pu\u00f2 fare altro che costringere i viaggiatori a trovare alternative, in sostanza un NON SERVIZIO.<\/p>\n\n\n\n<p>Come si pu\u00f2 pretendere che con una sola corsa al mattino le persone prendano il treno? Resta poi inoltre l&#8217;enorme buco di servizio: 6 ore senza un treno significa scoraggiare totalmente l&#8217;utilizzo del treno e farli circolare vuoti.<\/p>\n\n\n\n<p>Ora, verificando l&#8217;orario pubblicato da Trenord, valido da&nbsp;oggi, 3 giugno, ci rammarichiamo del fatto che sulla linea Como-Lecco rester\u00e0 ancora in vigore l&#8217;orario ridottissimo del periodo Covid; questo NON permette l&#8217;utilizzo dei treni da parte di molti viaggiatori, a causa della ridotta quantit\u00e0 di corse, in particolare al mattino.<\/p>\n\n\n\n<p>Alla luce del fatto che, come ben sa anche Lei, i treni che circolano sulla Como-Lecco sono treni diesel e quindi non possono essere utilizzati altrove per rinforzare le composizioni e offrire quindi pi\u00f9 posti sulle linee pi\u00f9 frequentate, vorremmo sapere per quale motivo si \u00e8 deciso di penalizzare la Como-Lecco -e tutto il territorio attraversato dalla linea- decidendo di non ripristinare il servizio con il numero di corse pre- Covid.<\/p>\n\n\n\n<p>Scartata la giustificazione del materiale rotabile non disponibile o spostato su altre linee, e considerando che la frequentazione della linea \u00e8 ad oggi molto bassa proprio a causa della scarsit\u00e0 di servizio, ci sfugge quale possa essere il motivo per penalizzare in questo modo la Brianza lecchese e quella comasca.<\/p>\n\n\n\n<p>Restiamo in attesa di una Sua risposta, che crediamo non interessi solamente a noi ma a tutto il territorio della Como-Lecco che a nostro avviso non merita un trattamento come quello attuale: il 43% dei treni e un buco di 6 ore al mattino.<\/p>\n\n\n\n<p>Auspicando un cortese riscontro, Le porgiamo distinti saluti.<\/p>\n\n\n\n<p>COMITATO PENDOLARI COMO-LECCO<\/p>\n","protected":false},"excerpt":{"rendered":"<p>Egr. Assessore Terzi,Egr. Consigliere Presidente FermiEgr. Consigliere Sottosegretario TurbaEgr.i Consiglieri Regionali,&nbsp;Presidenti di Provincia, Sindaci,&nbsp;Assessori e Consiglieri Comunali Egr. Assessore Terzi,Le avevamo scritto il 29 marzo (qui la lettera), suggerendo l&#8217;incremento [&hellip;]<\/p>\n","protected":false},"author":1,"featured_media":565,"comment_status":"open","ping_status":"open","sticky":false,"template":"","format":"standard","meta":[],"categories":[7],"tags":[],"_links":{"self":[{"href":"https:\/\/www.pendolari-co-lc.it\/index.php\/wp-json\/wp\/v2\/posts\/1558"}],"collection":[{"href":"https:\/\/www.pendolari-co-lc.it\/index.php\/wp-json\/wp\/v2\/posts"}],"about":[{"href":"https:\/\/www.pendolari-co-lc.it\/index.php\/wp-json\/wp\/v2\/types\/post"}],"author":[{"embeddable":true,"href":"https:\/\/www.pendolari-co-lc.it\/index.php\/wp-json\/wp\/v2\/users\/1"}],"replies":[{"embeddable":true,"href":"https:\/\/www.pendolari-co-lc.it\/index.php\/wp-json\/wp\/v2\/comments?post=1558"}],"version-history":[{"count":4,"href":"https:\/\/www.pendolari-co-lc.it\/index.php\/wp-json\/wp\/v2\/posts\/1558\/revisions"}],"predecessor-version":[{"id":1563,"href":"https:\/\/www.pendolari-co-lc.it\/index.php\/wp-json\/wp\/v2\/posts\/1558\/revisions\/1563"}],"wp:featuredmedia":[{"embeddable":true,"href":"https:\/\/www.pendolari-co-lc.it\/index.php\/wp-json\/wp\/v2\/media\/565"}],"wp:attachment":[{"href":"https:\/\/www.pendolari-co-lc.it\/index.php\/wp-json\/wp\/v2\/media?parent=1558"}],"wp:term":[{"taxonomy":"category","embeddable":true,"href":"https:\/\/www.pendolari-co-lc.it\/index.php\/wp-json\/wp\/v2\/categories?post=1558"},{"taxonomy":"post_tag","embeddable":true,"href":"https:\/\/www.pendolari-co-lc.it\/index.php\/wp-json\/wp\/v2\/tags?post=1558"}],"curies":[{"name":"wp","href":"https:\/\/api.w.org\/{rel}","templated":true}]}}