{"id":1637,"date":"2020-10-13T15:00:00","date_gmt":"2020-10-13T13:00:00","guid":{"rendered":"http:\/\/www.pendolari-co-lc.it\/?p=1637"},"modified":"2021-06-15T10:38:10","modified_gmt":"2021-06-15T08:38:10","slug":"se-lo-si-vuole-per-davvero-la-linea-ferroviaria-si-puo-elettrificare-regione-lombardia-torni-sui-suoi-passi-loccasione-e-irripetibile","status":"publish","type":"post","link":"https:\/\/www.pendolari-co-lc.it\/index.php\/2020\/10\/13\/se-lo-si-vuole-per-davvero-la-linea-ferroviaria-si-puo-elettrificare-regione-lombardia-torni-sui-suoi-passi-loccasione-e-irripetibile\/","title":{"rendered":"Se lo si vuole per davvero, la linea ferroviaria si pu\u00f2 elettrificare. Regione Lombardia torni sui suoi passi, l\u2019occasione \u00e8 irripetibile."},"content":{"rendered":"\n<p><strong>Se lo si vuole per davvero, la linea ferroviaria si pu\u00f2 elettrificare. Regione Lombardia torni sui suoi passi, l\u2019occasione \u00e8 irripetibile.<\/strong><\/p>\n\n\n\n<p><strong>PREMESSA<\/strong><\/p>\n\n\n\n<p>Perch\u00e9 la nostra posizione sia chiara e pienamente comprensibile anche da chi non ha seguito il percorso dell\u2019iter che porter\u00e0 all\u2019elettrificazione della linea, \u00e8 indispensabile fare qualche passo indietro e mettere nero su bianco alcuni punti.<\/p>\n\n\n\n<p><strong>30 dicembre 2019: IL GOVERNO CON LA LEGGE DI BILANCIO 2020 STANZIA 1000 MILIONI PER LE INFRASTRUTTURE OLIMPICHE<\/strong><\/p>\n\n\n\n<p>Sul supplemento ordinario alla Gazzetta Ufficiale n. 304 del 30 dicembre 2019 <strong>viene pubblicata la legge di Bilancio 2020 che stanzia 1 miliardo di euro per le infrastrutture olimpiche<\/strong>, all\u2019art.1,comma 18: <em>\u00abAl fine di garantire la sostenibilit\u00e0 delle Olimpiadi invernali 2026 sotto il profilo ambientale, economico e sociale, in un&#8217;ottica di miglioramento della capacit\u00e0 e della fruibilit\u00e0 delle dotazioni infrastrutturali esistenti e da realizzare, per le opere di infrastrutturazione, ivi comprese quelle per l&#8217;accessibilit\u00e0, \u00e8 riservato un finanziamento per la realizzazione di interventi nei territori delle regioni Lombardia e Veneto e delle province autonome di Trento e di Bolzano, con riferimento a tutte le aree olimpiche, per un importo totale di 1000 milioni di euro\u00bb<\/em><em>.<\/em><\/p>\n\n\n\n<p><strong>Da febbraio a maggio 2020: CONTRATTO DI PROGRAMMA RFI-MINISTERO<\/strong><\/p>\n\n\n\n<p>l\u20198\u00aa Commissione permanente del Senato della Repubblica (Lavori pubblici) ha lavorato all\u2019aggiornamento dello \u201c<em>schema di contratto di programma 2017-2021 tra il Ministero delle infrastrutture e dei trasporti e RFI Rete ferroviaria italiana Spa<\/em>\u201d, producendo il 6 maggio un documento formale -Parere parlamentare all\u2019Atto di Governo num. 160- che \u00e8 disponibile a questo link <a href=\"http:\/\/www.senato.it\/leg\/18\/BGT\/Schede\/docnonleg\/39915.htm\" target=\"_blank\" rel=\"noreferrer noopener\">http:\/\/www.senato.it\/leg\/18\/BGT\/Schede\/docnonleg\/39915.htm<\/a><\/p>\n\n\n\n<p>Fra i documenti allegati ai lavori della Commissione spicca il PDF \u201cMemoria RFI\u201d, che \u00e8 la presentazione che RFI ha illustrato durante la Seduta n. 124 del 3 marzo (<a href=\"http:\/\/www.senato.it\/application\/xmanager\/projects\/leg18\/attachments\/documento_evento_procedura_commissione\/files\/000\/075\/901\/Presentazione_RFI.pdf\" target=\"_blank\" rel=\"noreferrer noopener\">http:\/\/www.senato.it\/application\/xmanager\/projects\/leg18\/attachments\/documento_evento_procedura_commissione\/files\/000\/075\/901\/Presentazione_RFI.pdf<\/a>), in questo documento vengono elencate le opere che RFI intende realizzare su tutto il territorio nazionale, poniamo l\u2019attenzione su due punti:<\/p>\n\n\n\n<ol><li>a pagina 29 troviamo un chiaro riferimento alla Legge di Bilancio 2020 per le fonti di finanziamento per le opere presentate da RFI<\/li><li>a pagina 31 c\u2019\u00e8 l\u2019elenco delle opere ferroviarie che sono indicate come \u201ccantierabili entro il primo semestre del 2021\u201d, fra i vari interventi RFI evidenzia in rosso gli <em>\u201cInterventi richiesti dalle Regioni per il Piano Giochi Olimpici 2026\u201d<\/em> si tratta di 10 interventi (3 in Lombardia, 3 in Veneto e 4 nelle Province autonome di Trento e di Bolzano) e l\u2019elettrificazione della linea ferroviaria Como-Lecco \u00e8 una delle tre opere ferroviarie richieste da Regione Lombardia per le Olimpiadi 2026:<\/li><\/ol>\n\n\n\n<p>1) Collegamento ferroviario aeroporto di Bergamo (162 milioni)<\/p>\n\n\n\n<p>2) <strong>elettrificazione linea Como-Molteno-Lecco (50 milioni)<\/strong><\/p>\n\n\n\n<p>3) Linea Lecco-Sondrio-Tirano: velocizzazione e soppressione passaggi a livello (40 milioni)<\/p>\n\n\n\n<p>Questo documento certifica -nero su bianco- 4 punti fondamentali:<\/p>\n\n\n\n<ol><li>Regione Lombardia indica che l\u2019opera \u00e8 necessaria per le Olimpiadi Invernali 2026<\/li><li>RFI stima l\u2019intervento in circa 50 milioni di euro<\/li><li>RFI afferma che il cantiere pu\u00f2 partire entro il primo semestre del 2021<\/li><li>l\u2019opera \u00e8 inserita fra quelle finanziabili con le nuove risorse della Legge di Bilancio 2020<\/li><\/ol>\n\n\n\n<figure class=\"wp-block-image\"><img decoding=\"async\" src=\"https:\/\/lh4.googleusercontent.com\/HuVphUMa6rx7g3YAMjfPqLsNR3mBLYdoQhWT_zlfn9VXruDmhwHuQA5eo0IZWrjiKr7P4kF8EEYIQULa1ckUslmLtTSq67wTNxQSpKuREYz2n97B2rLcfXhh1pcHDQ451nqh3QO8\" alt=\"\"\/><\/figure>\n\n\n\n<p><strong>12 giugno 2020: 473 MILIONI RISERVATI A REGIONE LOMBARDIA<\/strong><\/p>\n\n\n\n<p>A margine della riunione con il ministro Paola de Micheli, in cui viene presentata la ripartizione dei 1000 milioni di euro fra le 3 regioni, l\u2019assessore di Regione Lombardia alle Infrastrutture, Trasporti e Mobilit\u00e0 sostenibile, Claudia Maria Terzi afferma <strong><em>\u00abAlla Lombardia spetteranno 473 milioni di euro dei fondi per le opere pubbliche delle Olimpiadi 2026. L\u2019elenco delle opere sar\u00e0 definito a breve in accordo col ministero\u00bb<\/em><\/strong><\/p>\n\n\n\n<p>(<a href=\"https:\/\/www.lombardianotizie.online\/olimpiadi-fondo-opere-pubbliche\/\" target=\"_blank\" rel=\"noreferrer noopener\">https:\/\/www.lombardianotizie.online\/olimpiadi-fondo-opere-pubbliche\/<\/a>)<br><img decoding=\"async\" loading=\"lazy\" width=\"165\" height=\"140\" src=\"https:\/\/lh5.googleusercontent.com\/StyNxNdNRvAE2A1L8jfYUOlr8bAGSjhbBDtMneR3MLCBHFW5g0ecuhR8VVzVhvgdCbBIEiX02hp_LUC64DCdVagDwhrF70PdMyfaK7Rt7D39mleA-0b6Z4En6xseLnAR-AbNk6WB\"><\/p>\n\n\n\n<p><strong>8 settembre 2020: ELETTRIFICAZIONE DI TUTTE LE LINEE NAZIONALI<\/strong><\/p>\n\n\n\n<p>A pagina 9 del quotidiano \u201cIL SOLE 24 ORE\u201d viene pubblicato un articolo \u201cLe FS investono 1,4 miliardi per elettrificare tutta la rete\u201d <em>\u00abComo-Lecco. L\u2019intervento (36,8 km) consentir\u00e0 di istituire nuovi servizi a oggi non esistenti tra cui il prolungamento su Lecco dei treni provenienti dalla Svizzera e oggi attestati a Como; inoltre, la linea potr\u00e0 essere utilizzata anche dai treni merci tra Chiasso e Lecco, i quali attualmente utilizzano il percorso via Seregno-Carnate. L\u2019investimento \u00e8 di 78 milioni.\u00bb<\/em> Il giorno successivo la notizia viene pubblicata anche sul sito de IL SOLE 24 ORE (<a href=\"https:\/\/www.ilsole24ore.com\/art\/fs-investimenti-14-miliardi-l-elettrificazione-rete-AD4vWjn\" target=\"_blank\" rel=\"noreferrer noopener\">https:\/\/www.ilsole24ore.com\/art\/fs-investimenti-14-miliardi-l-elettrificazione-rete-AD4vWjn<\/a>) e in poche ore si diffonde su quotidiani e siti delle province di Como e Lecco e viene rilanciata da alcuni politici delle due province.<\/p>\n\n\n\n<p><strong>16 settembre 2020: UNA RETTIFICA MISTERIOSA<\/strong><\/p>\n\n\n\n<p>Viene modificato l\u2019articolo sul sito del \u201cIL SOLE 24 ORE\u201d <em>\u00abL\u2019intervento (36,8 km), <\/em><strong><em>ancora da finanziare per la fase realizzativa<\/em><\/strong><em> [&#8230;]\u00bb<\/em>, inserendo un preciso riferimento all\u2019assenza del finanziamento per l\u2019opera, possiamo quindi intuire che la fonte che ha permesso la realizzazione dell\u2019articolo ha successivamente richiesto una rettifica del testo alla redazione.<\/p>\n\n\n\n<p><strong>7 ottobre 2020: LA \u201cDOCCIA FREDDA\u201d<\/strong><\/p>\n\n\n\n<p>Nella sede della provincia di Sondrio, gli assessori Terzi e Sertori, insieme al sottosegretario Rossi, presentano il piano delle opere previste per le Olimpiadi Invernali del 2026 <em>\u00abIl Decreto ministeriale prevede l\u2019elenco delle opere suddivise per opere essenziali connesse e di contesto. Quelle essenziali, in particolare, godono dei finanziamenti previsti dalla Legge 160 del 2019 che per la parte lombarda mette a disposizione 473 milioni di euro. Il Decreto verr\u00e0 emanato d\u2019intesa con le Regioni, sentiti gli Enti territoriali interessati mediante il coinvolgimento del Cal (Consiglio delle Autonomie locali).\u00bb<\/em><\/p>\n\n\n\n<p>(<a href=\"https:\/\/primalavaltellina.it\/media\/2020\/10\/opere-olimpiadi-07.09.pdf\">https:\/\/primalavaltellina.it\/media\/2020\/10\/opere-olimpiadi-07.09.pdf<\/a> <a href=\"https:\/\/www.lombardianotizie.online\/olimpiadi-invernali-2026\/\" target=\"_blank\" rel=\"noreferrer noopener\">https:\/\/www.lombardianotizie.online\/olimpiadi-invernali-2026\/<\/a>)<\/p>\n\n\n\n<p><strong>Purtroppo l\u2019elettrificazione della Como-Lecco non \u00e8 inserita tra le 16 opere che Regione Lombardia ha previsto di finanziare attingendo ai 473 milioni stanziati dallo Stato.<\/strong><\/p>\n\n\n\n<p>Dei 473 milioni, 321 verranno investiti su strade, 152 su linee ferroviarie, nel dettaglio le opere ferroviarie previste sono:<\/p>\n\n\n\n<ol><li>interventi di potenziamento sulla linea Lecco-Sondrio-Tirano (soggetto attuatore RFI)<\/li><li>soppressione dei passaggi a livello sulla linea Lecco-Sondrio-Tirano (soggetto attuatore RFI)<\/li><li>nuovo collegamento fra il terminal 2 di malpensa e la rete ferroviaria nazionale RFI del Sempione (nel PDF viene indicata Trenord come soggetto attuatore Trenord, ma pensiamo sia un refuso, immaginiamo che il soggetto attuatore sar\u00e0 FerrovieNord)<\/li><\/ol>\n\n\n\n<p><strong>8 ottobre 2020: INIZIA IL TEATRINO DEL RIMPALLO DELLE RESPONSABILIT\u00c0<\/strong><\/p>\n\n\n\n<p>Il sottosegretario regionale Turba afferma <em>\u00abI 78 milioni di euro annunciati dai consiglieri regionali di area governativa per l\u2019elettrificazione della tratta Como-Lecco in realt\u00e0 non ci sono. Il Governo non ha inserito l\u2019opera nei progetti straordinari e da realizzare in tempi brevi in vista del grande appuntamento degli Olimpiadi 2026 [&#8230;] la Como-Lecco \u00e8 una linea ferroviaria dello Stato, della societ\u00e0 statale Rfi che fa riferimento al Governo, non certo di Regione Lombardia. [&#8230;] Regione Lombardia ha pi\u00f9 volte chiesto a Rfi di inserire l\u2019elettrificazione nel contratto di programma tra Rfi e Ministero dei Trasporti, formalizzando la richiesta in ogni sede utile compreso il tavolo di ascolto tra le Regioni e la societ\u00e0 statale che gestisce la rete. A oggi questo intervento non \u00e8 incluso nel contratto di programma.\u00bb<\/em>.<\/p>\n\n\n\n<p>(<a href=\"https:\/\/www.lombardianotizie.online\/como-lecco\/\" target=\"_blank\" rel=\"noreferrer noopener\">https:\/\/www.lombardianotizie.online\/como-lecco\/<\/a>)<\/p>\n\n\n\n<p><strong>IL NOSTRO PARERE<\/strong><\/p>\n\n\n\n<p><strong>Regione Lombardia sta volontariamente decidendo di non finanziare l\u2019elettrificazione della Como-Lecco con i fondi stanziati dal Governo per le Olimpiadi Invernali 2026, nonostante l\u2019opera sia stata richiesta proprio da Regione Lombardia ad RFI proprio in chiave Olimpiadi e nonostante l\u2019intervento sia stato inserito nell\u2019elenco di RFI.<\/strong><\/p>\n\n\n\n<p><strong>Per noi \u00e8 inspiegabile che Regione Lombardia abbia stralciato l\u2019opera<\/strong>, dato che come previsto dall\u2019iter e come affermato dall\u2019Assessore Terzi <strong><em>\u00abL\u2019elenco delle opere sar\u00e0 definito a breve in accordo col ministero\u00bb<\/em><\/strong>; siamo pi\u00f9 che stupiti dall\u2019assenza dell\u2019elettrificazione, <strong>per noi era scontato che questa opera -richiesta da Regione Lombardia, stimata e indicata come cantierabile entro da giugno 2021 da RFI grazie alla Legge di Bilancio 2020- venisse confermata da Regione Lombardia durante la fase accordo con il Ministero.<\/strong><\/p>\n\n\n\n<p>Invece Regione Lombardia per ora ha deciso di utilizzare i fondi che il Governo ha messo a disposizione per le Olimpiadi, per realizzare altri interventi, ci preme sottolineare che verranno coperti interamente i costi degli interventi sulla linea ferroviaria Lecco-Sondrio-Tirano di RFI (si scrive RFI ma si legge Stato), altri 56 milioni di euro \u201cstatali\u201d andranno per il nuovo collegamento tra Malpensa T2 e la linea RFI del Sempione, un\u2019opera che coster\u00e0 in totale 211 milioni di euro, e che sar\u00e0 presumibilmente una linea di FerrovieNord, non di RFI: fondi statali per sostenere un\u2019opera che far\u00e0 parte del patrimonio di FerrovieNord.<\/p>\n\n\n\n<p>Infine Regione Lombardia destiner\u00e0 un fiume di denaro statale per interventi sulle strade, non possiamo negare che quelli previsti sulla SS36 e alcuni della SS38 siano non solo necessari, ma sacrosanti e urgenti, ma non possiamo non notare che altri siano interventi stradali che non solo ci sembrano minori e non urgenti, ma sicuramente non fondamentali per le Olimpiadi Invernali del 2026.<\/p>\n\n\n\n<p>Nel documento di RFI presentato in Senato, sono elencate le opere ferroviarie che le regioni Lombardia, Veneto e le Province autonome di Trento e di Bolzano hanno indicato come necessarie per le Olimpiadi Invernali 2026, basandoci sulle notizie di stampa, abbiamo verificato che ognuna delle seguenti opere \u00e8 stata confermata e finanziata attingendo anche e soprattutto ai famosi 1000 milioni stanziati da Governo, ma l\u2019elettrificazione della Como-Lecco \u00e8 stata esclusa.<\/p>\n\n\n\n<p>Province autonome di Trento e di Bolzano<\/p>\n\n\n\n<ul><li>Variante di Riga (compl.) (100)<\/li><li>Elettrificazione Trento-Bassano (compl.1^ fase) (17)<\/li><li>Hub della stazione di Trento (5)<\/li><li>Raddoppio selettivo linea Pusteria (1^ fase) (22)<\/li><\/ul>\n\n\n\n<p>Veneto<\/p>\n\n\n\n<ul><li>Elettrificazione Ponte nelle Alpi-Calalzo (1^ fase) (48)<\/li><li>By-pass ferroviario di Ponte nelle Alpi (1^ fase) (15)<\/li><li>Piano stazioni Olimpiche regione Veneto (5)<\/li><\/ul>\n\n\n\n<p>Lombardia<\/p>\n\n\n\n<ul><li>Collegamento ferroviario aeroporto di Bergamo (162)<\/li><li>Elettrificazione linea Como-Molteno-Lecco (50)<\/li><li>Linea Lecco-Sondrio-Tirano: velocizzazione e soppressione PL (fase) (40)<\/li><\/ul>\n\n\n\n<p><strong>Dell\u2019elettrificazione della Como-Lecco non v\u2019\u00e8 traccia nemmeno nel recente \u201cPiano Marshall\u201d di Regione Lombardia.<\/strong><\/p>\n\n\n\n<p><strong>Noi siamo stufi di assistere al teatrino politico, vogliamo vedere le opere realizzate, non i politici che giocano a rimpiattino.<\/strong><\/p>\n\n\n\n<p>Regione Lombardia afferma che il fondo statale per le Olimpiadi non serviva anche per elettrificare la Como-Lecco (perch\u00e9!?), inoltre denuncia la presunta sparizione di quegli ipotetici 78 milioni di euro statali che IL SOLE 24 ORE aveva indicato nella prima versione dell\u2019articolo dell\u20198 settembre, scriviamo \u201cpresunta sparizione degli ipotetici fondi\u201d perch\u00e9 sia della cifra dell\u2019intervento che della notizia del mancato finanziamento troviamo riscontro solamente nell\u2019articolo de IL SOLE 24 ORE: non abbiamo trovato alcun documento o atto ufficiale che certifica il costo dell\u2019opera in 78 milioni e un finanziamento per l\u2019intervento diverso da quello del fondo per le Olimpadi.<\/p>\n\n\n\n<p>Purtroppo non possiamo che evidenziare che Regione Lombardia stia portando avanti solo poche timide iniziative per i potenziamenti ferroviari in generale, ci\u00f2 \u00e8 dimostrato dal fatto che <strong>dei 473 milioni di euro messi a disposizione, la maggior parte -321 milioni- vengono usati per le strade<\/strong> e dei soldi dedicati alla ferrovia un&#8217;altra buona parte viene usata per i <strong>sottopassaggi e l\u2019eliminazione dei passaggi a livello, che pi\u00f9 che essere interventi ferroviari sono opere stradali.<\/strong><\/p>\n\n\n\n<p><strong>Si pu\u00f2 mettere una pezza? Crediamo di s\u00ec, perch\u00e8 quello che Regione Lombardia ha presentato pochi giorni fa a Sondrio \u00e8 una \u201cBozza di Decreto Ministeriale\u201d, quindi c\u2019\u00e8 tempo per correggerla, siamo convinti che se c\u2019\u00e8 la volont\u00e0 di elettrificare la Como-Lecco una soluzione la si possa trovare.<\/strong><\/p>\n\n\n\n<p>Se Regione Lombardia non vuole tornare sui suoi passi, per inserire la Como-Lecco tra gli interventi da finanziare con il fondo olimpiadi statale, si valutino altre possibilit\u00e0, ad esempio come fatto in Piemonte per la linea Alba-Bra, il cui investimento per l\u2019elettrificazione \u00e8 stato sostenuto a met\u00e0 da RFI e Regione Piemonte.<\/p>\n\n\n\n<p>Non \u00e8 tollerabile che <strong>Regione Lombardia<\/strong> affermi che la linea in quanto statale debba essere alimentata solo da soldi dello Stato, quando per giunta la stessa <strong>utilizza il fondo statale per un\u2019opera che probabilmente sar\u00e0 di competenza e di propriet\u00e0 di Regione Lombardia: il collegamento ferroviario fra il Terminal 2 di Malpensa e la linea del Sempione.<\/strong><\/p>\n\n\n\n<p>La Como-Lecco \u00e8 una linea di RFI tanto quanto la Milano-Tirano, per\u00f2 alla linea che unisce la Valtellina a Milano sono riservati 30 milioni di euro e 66 per i passaggi a livello, quindi <strong>quali fondi utilizzare per contribuire all\u2019elettrificazione della Como-Lecco? Semplicemente quelli messi a disposizione dal Governo per le infrastrutture olimpiche<\/strong>, come la stessa RFI ha indicato nel mese di maggio; quello che deve fare Regione Lombardia \u00e8 stralciare alcune opere stradali minori e alcune opere Provinciali e Regionali. <strong>La stortura di Regione Lombardia sta proprio qui: destinare parte dei fondi statali ad opere non statali, che non sono infrastrutture di RFI e ANAS, spostando i finanziamenti in favore di opere Regionali e Provinciali, abbandonando di fatto la linea Como-Lecco.<\/strong><\/p>\n\n\n\n<p><br>Il momento per agire \u00e8 questo, il nostro territorio, <strong>le province di Lecco e Como meritano quest\u2019opera<\/strong>, che \u00e8 fondamentale anche per i lavoratori frontalieri, perch\u00e9 dobbiamo ricordarlo nuovamente, che <strong>grazie all\u2019elettrificazione si potranno estendere i servizi TILO dalla Svizzera verso la Brianza Comasca e Lecchese, spostando -potenzialmente- centinaia e centinaia di lavoratori frontalieri dall\u2019automobile al treno, riducendo traffico e inquinamento, e dando un notevole risparmio economico e di tempo a questa categoria di lavoratori che oggi pi\u00f9 che mai vede nuvole all\u2019orizzonte.<\/strong><\/p>\n\n\n\n<p>Comitato Pendolari Como-Lecco<\/p>\n","protected":false},"excerpt":{"rendered":"<p>Se lo si vuole per davvero, la linea ferroviaria si pu\u00f2 elettrificare. Regione Lombardia torni sui suoi passi, l\u2019occasione \u00e8 irripetibile. PREMESSA Perch\u00e9 la nostra posizione sia chiara e pienamente [&hellip;]<\/p>\n","protected":false},"author":1,"featured_media":237,"comment_status":"open","ping_status":"open","sticky":false,"template":"","format":"standard","meta":[],"categories":[7],"tags":[],"_links":{"self":[{"href":"https:\/\/www.pendolari-co-lc.it\/index.php\/wp-json\/wp\/v2\/posts\/1637"}],"collection":[{"href":"https:\/\/www.pendolari-co-lc.it\/index.php\/wp-json\/wp\/v2\/posts"}],"about":[{"href":"https:\/\/www.pendolari-co-lc.it\/index.php\/wp-json\/wp\/v2\/types\/post"}],"author":[{"embeddable":true,"href":"https:\/\/www.pendolari-co-lc.it\/index.php\/wp-json\/wp\/v2\/users\/1"}],"replies":[{"embeddable":true,"href":"https:\/\/www.pendolari-co-lc.it\/index.php\/wp-json\/wp\/v2\/comments?post=1637"}],"version-history":[{"count":2,"href":"https:\/\/www.pendolari-co-lc.it\/index.php\/wp-json\/wp\/v2\/posts\/1637\/revisions"}],"predecessor-version":[{"id":1639,"href":"https:\/\/www.pendolari-co-lc.it\/index.php\/wp-json\/wp\/v2\/posts\/1637\/revisions\/1639"}],"wp:featuredmedia":[{"embeddable":true,"href":"https:\/\/www.pendolari-co-lc.it\/index.php\/wp-json\/wp\/v2\/media\/237"}],"wp:attachment":[{"href":"https:\/\/www.pendolari-co-lc.it\/index.php\/wp-json\/wp\/v2\/media?parent=1637"}],"wp:term":[{"taxonomy":"category","embeddable":true,"href":"https:\/\/www.pendolari-co-lc.it\/index.php\/wp-json\/wp\/v2\/categories?post=1637"},{"taxonomy":"post_tag","embeddable":true,"href":"https:\/\/www.pendolari-co-lc.it\/index.php\/wp-json\/wp\/v2\/tags?post=1637"}],"curies":[{"name":"wp","href":"https:\/\/api.w.org\/{rel}","templated":true}]}}