{"id":1684,"date":"2021-08-04T18:31:00","date_gmt":"2021-08-04T16:31:00","guid":{"rendered":"http:\/\/www.pendolari-co-lc.it\/?p=1684"},"modified":"2021-08-10T00:09:18","modified_gmt":"2021-08-09T22:09:18","slug":"co-lc-agosto-2021-odissea-dei-viaggiatori","status":"publish","type":"post","link":"https:\/\/www.pendolari-co-lc.it\/index.php\/2021\/08\/04\/co-lc-agosto-2021-odissea-dei-viaggiatori\/","title":{"rendered":"CO-LC agosto 2021: odissea dei viaggiatori"},"content":{"rendered":"\n<p>Da qualche giorno se entro nell&#8217;App di Trenord, compare una finestra che richiama<br>l&#8217;attenzione sulla riduzione del servizio ad agosto:<br>&#8220;Vi invitiamo a verificare sull&#8217;app se la riduzione estiva riguarda un treno di vostro interesse. I<br>treni circolanti ogni giorno in Lombardia saranno oltre 1850&#8243;.<br>Questo avviso \u00e8 una &#8220;variante&#8221; ai soliti avvisi di chiusura nel periodo estivo. In particolare<br>per la linea Como-Lecco \u00e8 un antipasto indigesto alla chiusura totale della tratta, come<br>avviene costantemente tutti gli anni nel periodo di agosto (certamente almeno 3 settimane):<br>la chiusura totale per questo 2021 \u00e8 prevista dal luned\u00ec 9 agosto fino domenica 29 agosto<br>compresa.<br>In particolare non si trova nel sito di Trenord questo orario particolare della settimana dal 2 al<br>7 agosto ma bisogna cercare ogni singolo treno &#8220;di proprio interesse&#8221;.<br>Nella sezione &#8220;Avvisi di Trenord&#8221; il 30 luglio \u00e8 stato pubblicato un elenco di &#8220;Treni oggetto<br>delle riduzioni estive dall&#8217; 1 al 29 agosto 2021&#8243; &#8211; In effetti per la tratta Como-Lecco la<br>riduzione \u00e8 totale dal 9 al 29 agosto anche se in questo elenco non \u00e8 specificato.<br>Questo \u00e8 il link con le riduzioni citate sopra (pag 7 per la Como Lecco)<br>https:\/\/trenord-europe-trenord-endpoint-prd.azureedge.net\/fileadmin\/contenuti\/TRENORD\/3-<br>News\/Trenord_Informa\/Avvisi\/2021\/Documenti\/Treni_Compattazione_2021_generale_V2.pd<br>f<br>Andando infatti a cercare un qualsiasi treno in questo lasso di tempo, non si trova nulla<br>quindi significa che la soppressione \u00e8 totale come da parecchi anni.<br>Cronaca del 3 agosto 2021, inviataci da una viaggiatrice<br>Da una ricerca effettuata si evince che, in questa fantasiosa settimana, l&#8217;unico treno che va<br>a Como \u00e8 il num. 10418 in partenza da Lecco alle 7.51 con arrivo previsto a Como alle<br>08.58, il 10414 in partenza da Lecco alle 06.18 e arrivo previsto a Como alle 07.29 risulta<br>sostituito da bus (partenza da Lecco bus 5.36 arrivo a Como 7.29). Per trovare gli orari di<br>questi bus bisogna cercarli nell&#8217;app di Trenord nelle linee preferite (nel sito non si trova nulla). e tra l&#8217;altro sono indicati solo gli orari<br>delle stazioni di partenza e di arrivo, per le stazioni intermedie non \u00e8 dato sapere, occorre<br>solo armarsi di santa pazienza \u2026.ed aspettare fiduciosi che il bus arrivi \u2026.se arriva visto che<br>non c&#8217;\u00e8 pi\u00f9 personale nella maggior parte delle stazioni e dove ci sono i monitor non sono<br>affidabili. Il 10416 con partenza da Molteno alle 7.23 e arrivo previsto a Como alle 08.01<br>risulta completamente soppresso.<br>3 treni per Como = 3 opzioni diverse!<br>In quanto ai treni in direzione Lecco, si effettua il treno num 10415 (partenza da Como ore<br>06.25-arrivo a Lecco 07.32), il 10417 previsto in partenza da Como alle 7.41 e arrivo a<br>Lecco ore 9.05 \u00e8 sostituito da bus (partenza bus stesso orario, arrivo previsto ore 9.44).<br>Per il resto della giornata sono previsti alternati un treno soppresso e un bus sostitutivo \u2026. in<br>teoria<br>Andata: Merone-Como<br>Un pendolare ha vissuto una vera odissea in questa giornata, si \u00e8 recato in stazione a<br>Merone sperando di poter prendere il bus sostitutivo: ore 6.50 nessun bus, nessuna palina<br>che indicasse il punto di fermata e l&#8217;orario di passaggio del bus sostitutivo, un solo avviso sul<br>monitor in stazione che indicava il treno 10414 in arrivo e poi in ritardo crescente, pur<br>essendo gi\u00e0 previsto dall&#8217;inizio la sua sostituzione con bus. Il treno successivo n. 10416, pur<br>essendo gi\u00e0 previsto come cancellato \u00e8 apparso annunciato sul monitor di stazione per poi<br>riportare un ritardo crescente trascorso l&#8217;orario del suo previsto passaggio.<br>Finalmente alle 8.25 \u00e8 arrivato l&#8217;unico treno della giornata previsto per Como.<br>Morale: Merone-Como 2 h e 15 circa dal momento in cui \u00e8 arrivato in stazione al momento in<br>cui ha messo piede nella stazione di Como<br>Ritorno: Como-Merone (trasformatosi poi in Como-Lambrugo)<br>Il pendolare aveva intenzione di prendere il bus sostitutivo n. 10437 delle 17.41. Arrivato in<br>stazione a Como San Giovanni alle 17.35 per scrupolo ha controllato il monitor di stazione<br>dove comparivano due avvisi: avviso di cancellazione di detto treno e subito sotto questo<br>avviso un avviso di sostituzione di detto treno col bus n. 10437A.<br>Uscito nel piazzale dove si fermano tutti i bus (anche qui nessuna indicazione per\u00f2 di palina<br>che indicasse il passaggio del bus sostitutivo) ha atteso oltre l&#8217;orario previsto (fino alle 17.55<br>circa). Rientrato in stazione, la scritta relativa al bus sostitutivo \u00e8 magicamente scomparsa!<br>Vuoi vedere che hanno soppresso anche il bus sostitutivo! Recatosi allo sportello per<br>chiedere spiegazioni, il personale ha riferito che risulta tutto regolare (come se il bus fosse<br>partito normalmente).<br>Gentilmente l&#8217;addetto si \u00e8 offerto di suggerire un&#8217;alternativa ma il pendolare sa gi\u00e0 cosa deve<br>fare visto che ha la mente elastica abituata a queste antipatiche sorprese!<br>Non attender\u00e0 il prossimo bus sostitutivo delle 19.41 (visto che alle 18.41 non c&#8217;\u00e8 nulla) ma<br>si adeguer\u00e0 a un&#8217;altra variante (prender\u00e0 alle 18.35 il bus C46 per Bergamo, scender\u00e0 a<br>Lambrugo e si far\u00e0 venire a prendere sulla statale da un figlio onde evitare di prendere<br>l&#8217;ennesimo treno da Lambrugo a Merone).<br>Tutto questo sembra una storia inventata ma \u00e8 la pura verit\u00e0! E&#8217; incredibile che in una<br>regione come la Lombardia, l&#8217;eccellenza fino a qualche tempo fa, possano succedere queste<br>cose.<br>E&#8217; vergognoso, al limite della decenza!<br>E&#8217; brutto a dirsi ma, piuttosto che un servizio cos\u00ec azzoppato, Regione si fosse presa la<br>responsabilit\u00e0 di dire &#8220;signori chiudiamo la linea per ferie un mese&#8221;.<br>Trenord ha deciso e Regione ha avallato questo non servizio.<\/p>\n","protected":false},"excerpt":{"rendered":"<p>Da qualche giorno se entro nell&#8217;App di Trenord, compare una finestra che richiamal&#8217;attenzione sulla riduzione del servizio ad agosto:&#8220;Vi invitiamo a verificare sull&#8217;app se la riduzione estiva riguarda un treno [&hellip;]<\/p>\n","protected":false},"author":1,"featured_media":1689,"comment_status":"open","ping_status":"open","sticky":false,"template":"","format":"standard","meta":[],"categories":[3,7],"tags":[],"_links":{"self":[{"href":"https:\/\/www.pendolari-co-lc.it\/index.php\/wp-json\/wp\/v2\/posts\/1684"}],"collection":[{"href":"https:\/\/www.pendolari-co-lc.it\/index.php\/wp-json\/wp\/v2\/posts"}],"about":[{"href":"https:\/\/www.pendolari-co-lc.it\/index.php\/wp-json\/wp\/v2\/types\/post"}],"author":[{"embeddable":true,"href":"https:\/\/www.pendolari-co-lc.it\/index.php\/wp-json\/wp\/v2\/users\/1"}],"replies":[{"embeddable":true,"href":"https:\/\/www.pendolari-co-lc.it\/index.php\/wp-json\/wp\/v2\/comments?post=1684"}],"version-history":[{"count":1,"href":"https:\/\/www.pendolari-co-lc.it\/index.php\/wp-json\/wp\/v2\/posts\/1684\/revisions"}],"predecessor-version":[{"id":1685,"href":"https:\/\/www.pendolari-co-lc.it\/index.php\/wp-json\/wp\/v2\/posts\/1684\/revisions\/1685"}],"wp:featuredmedia":[{"embeddable":true,"href":"https:\/\/www.pendolari-co-lc.it\/index.php\/wp-json\/wp\/v2\/media\/1689"}],"wp:attachment":[{"href":"https:\/\/www.pendolari-co-lc.it\/index.php\/wp-json\/wp\/v2\/media?parent=1684"}],"wp:term":[{"taxonomy":"category","embeddable":true,"href":"https:\/\/www.pendolari-co-lc.it\/index.php\/wp-json\/wp\/v2\/categories?post=1684"},{"taxonomy":"post_tag","embeddable":true,"href":"https:\/\/www.pendolari-co-lc.it\/index.php\/wp-json\/wp\/v2\/tags?post=1684"}],"curies":[{"name":"wp","href":"https:\/\/api.w.org\/{rel}","templated":true}]}}