{"id":1706,"date":"2022-02-07T10:11:00","date_gmt":"2022-02-07T09:11:00","guid":{"rendered":"http:\/\/www.pendolari-co-lc.it\/?p=1706"},"modified":"2022-02-08T10:12:52","modified_gmt":"2022-02-08T09:12:52","slug":"terza-lettera-a-fontana-qualita-del-servizio-ferroviario-regionale","status":"publish","type":"post","link":"https:\/\/www.pendolari-co-lc.it\/index.php\/2022\/02\/07\/terza-lettera-a-fontana-qualita-del-servizio-ferroviario-regionale\/","title":{"rendered":"terza lettera a Fontana: Qualit\u00e0 del Servizio Ferroviario Regionale"},"content":{"rendered":"\n<p class=\"has-text-align-right\">Al Presidente della Regione Lombardia Dott. Attilio Fontana<br>e, p.c., Organi di stampa<\/p>\n\n\n\n<p>Milano, 7 febbraio 2022<\/p>\n\n\n\n<p>Oggetto: Qualit\u00e0 del Servizio Ferroviario Regionale<\/p>\n\n\n\n<p>Egregio Presidente Fontana,<\/p>\n\n\n\n<p>ci rivolgiamo di nuovo a Lei perch\u00e9, dalla nostra lettera inviataLe in data 17 gennaio, abbiamo constatato nei media e sui social che l\u2019iniziativa ha destato molta agitazione. Ci sono stati infatti diversi tentativi di risposta, espressi per\u00f2 da parte di chi non sia stato da noi direttamente interpellato, ma non da Lei che guida la nostra Regione e ha la responsabilit\u00e0 politica del suo governo.<\/p>\n\n\n\n<p>L&#8217;ultimo atto di questa agitazione \u00e8 una e-mail inviata massivamente da Trenord a tutti i suoi clienti, presenti e passati, in cui cerca di difendersi scaricando ogni responsabilit\u00e0 su fatti esterni o su altri Enti o Societ\u00e0, evitando di esprimere, come di consueto, una bench\u00e9 minima autocritica, necessaria premessa di ogni azione di miglioramento.<\/p>\n\n\n\n<p>Non intendiamo in questo momento entrare nel merito dei singoli punti elencati dall&#8217;Azienda, sui quali peraltro non abbiamo alcuna difficolt\u00e0 ad affrontare un serio confronto nelle opportune sedi istituzionali.<\/p>\n\n\n\n<p>\u00c8 invece nostra intenzione chiedere a Lei nuovamente se il Governo Regionale ritenga accettabile l&#8217;attuale livello del Servizio Ferroviario e soprattutto quale futuro intenda dare al SFR, che ha visto dal 2018 un progressivo ridimensionamento, iniziato fin da prima e indipendentemente dalle contingenti vicende del Covid che hanno solo evidenziato la fragilit\u00e0 di un&#8217;Azienda che anche in tempi ordinari si trovava costantemente in affanno.<\/p>\n\n\n\n<p>Si tratta, pertanto, di una risposta politica, non tecnica, che spetta al Titolare del Servizio e non al Fornitore e su questo attendiamo fiduciosi riscontro e indicazioni da Lei, Presidente della nostra Regione.<\/p>\n\n\n\n<p>Rimanendo dunque in attesa di un Suo cortese riscontro, porgiamo cordiali saluti.<\/p>\n\n\n\n<p>I Rappresentanti dei Viaggiatori alla Conferenza Regionale del TPL<\/p>\n\n\n\n<p>I Rappresentanti dei Comitati Pendolari<\/p>\n\n\n\n<p>Seguono firme<\/p>\n\n\n\n<p>Associazione MI.MO.AL.<\/p>\n\n\n\n<p>Associazione Pendolari Novesi (APN)<\/p>\n\n\n\n<p>Comitato Pendolari Bergamaschi<\/p>\n\n\n\n<p>Comitato Pendolari Como \u2013 Lecco<\/p>\n\n\n\n<p>Comitato Pendolari Cremaschi<\/p>\n\n\n\n<p>Comitato Pendolari della Bassa Bergamasca<\/p>\n\n\n\n<p>Comitato Pendolari del Meratese<\/p>\n\n\n\n<p>Comitato Pendolari di San Zenone al Lambro e comuni limitrofi<\/p>\n\n\n\n<p>Comitato Pendolari Gallarate \u2013 Milano<\/p>\n\n\n\n<p>Comitato Pendolari Lecco-Milano<\/p>\n\n\n\n<p>Comitato Pendolari linea S6 Milano \u2013 Novara<\/p>\n\n\n\n<p>Comitato Pendolari Romano<\/p>\n\n\n\n<p>Comitato Pendolari Busto Nord<\/p>\n\n\n\n<p>Comitato Trasporti Lecchese<\/p>\n\n\n\n<p>Comitato Viaggiatori e Pendolari della Milano \u2013 Asso<\/p>\n\n\n\n<p>Comitato Viaggiatori S9\/S11<\/p>\n\n\n\n<p>Comitato Viaggiatori TPL Nodo di Saronno<\/p>\n\n\n\n<p>Coordinamento Provinciale Pendolari Pavesi<\/p>\n\n\n\n<p>InOrario: Comitato Pendolari linea Mantova Cremona Milano<\/p>\n\n\n\n<p>PendolariComo<\/p>\n\n\n\n<p>Pendolino della Brianza \u2013 S7 Besanino<\/p>\n\n\n\n<p>Rappresentanti della linea Domodossola \u2013 Arona \u2013 Milano<\/p>\n\n\n\n<p>#sbiancalafreccia<\/p>\n\n\n\n<p>UTP \u2013 Utenti del Trasporto Pubblico Regione Lombardia<\/p>\n\n\n\n<p>Rappresentanti Regionali dei Viaggiatori:<\/p>\n\n\n\n<p>Franco Aggio<\/p>\n\n\n\n<p>Giorgio Dah\u00f2<\/p>\n\n\n\n<p>Stefano Lorenzi<\/p>\n\n\n\n<p>Francesco Ninno<\/p>\n\n\n\n<p>Sara Salmoiraghi<\/p>\n","protected":false},"excerpt":{"rendered":"<p>Al Presidente della Regione Lombardia Dott. Attilio Fontanae, p.c., Organi di stampa Milano, 7 febbraio 2022 Oggetto: Qualit\u00e0 del Servizio Ferroviario Regionale Egregio Presidente Fontana, ci rivolgiamo di nuovo a [&hellip;]<\/p>\n","protected":false},"author":1,"featured_media":565,"comment_status":"open","ping_status":"open","sticky":false,"template":"","format":"standard","meta":[],"categories":[3,7,26],"tags":[],"_links":{"self":[{"href":"https:\/\/www.pendolari-co-lc.it\/index.php\/wp-json\/wp\/v2\/posts\/1706"}],"collection":[{"href":"https:\/\/www.pendolari-co-lc.it\/index.php\/wp-json\/wp\/v2\/posts"}],"about":[{"href":"https:\/\/www.pendolari-co-lc.it\/index.php\/wp-json\/wp\/v2\/types\/post"}],"author":[{"embeddable":true,"href":"https:\/\/www.pendolari-co-lc.it\/index.php\/wp-json\/wp\/v2\/users\/1"}],"replies":[{"embeddable":true,"href":"https:\/\/www.pendolari-co-lc.it\/index.php\/wp-json\/wp\/v2\/comments?post=1706"}],"version-history":[{"count":1,"href":"https:\/\/www.pendolari-co-lc.it\/index.php\/wp-json\/wp\/v2\/posts\/1706\/revisions"}],"predecessor-version":[{"id":1708,"href":"https:\/\/www.pendolari-co-lc.it\/index.php\/wp-json\/wp\/v2\/posts\/1706\/revisions\/1708"}],"wp:featuredmedia":[{"embeddable":true,"href":"https:\/\/www.pendolari-co-lc.it\/index.php\/wp-json\/wp\/v2\/media\/565"}],"wp:attachment":[{"href":"https:\/\/www.pendolari-co-lc.it\/index.php\/wp-json\/wp\/v2\/media?parent=1706"}],"wp:term":[{"taxonomy":"category","embeddable":true,"href":"https:\/\/www.pendolari-co-lc.it\/index.php\/wp-json\/wp\/v2\/categories?post=1706"},{"taxonomy":"post_tag","embeddable":true,"href":"https:\/\/www.pendolari-co-lc.it\/index.php\/wp-json\/wp\/v2\/tags?post=1706"}],"curies":[{"name":"wp","href":"https:\/\/api.w.org\/{rel}","templated":true}]}}