{"id":1712,"date":"2022-07-13T14:35:37","date_gmt":"2022-07-13T12:35:37","guid":{"rendered":"http:\/\/www.pendolari-co-lc.it\/?p=1712"},"modified":"2022-07-13T14:36:12","modified_gmt":"2022-07-13T12:36:12","slug":"rappresentanti-dei-viaggiatori-alla-conferenza-del-tpl-lassessore-abolisce-i-comitati-pendolari","status":"publish","type":"post","link":"https:\/\/www.pendolari-co-lc.it\/index.php\/2022\/07\/13\/rappresentanti-dei-viaggiatori-alla-conferenza-del-tpl-lassessore-abolisce-i-comitati-pendolari\/","title":{"rendered":"L\u2019ASSESSORE \u201cABOLISCE\u201d I COMITATI PENDOLARI"},"content":{"rendered":"\n<p>RAPPRESENTANTI DEI VIAGGIATORI ALLA CONFERENZA DEL TPL: L\u2019ASSESSORE \u201cABOLISCE\u201d I COMITATI PENDOLARI<\/p>\n\n\n\n<p><br>Dopo trent\u2019anni di rapporto tra Regione Lombardia e i comitati, l\u2019Assessore Terzi nega il<br>loro ruolo nel dialogo sul Trasporto Pubblico Locale<br>Gioved\u00ec 7 luglio si \u00e8 tenuta la Conferenza Regionale del TPL alla presenza dell\u2019Assessore<br>Terzi, della struttura tecnica dell\u2019assessorato e dei principali portatori di interesse (aziende<br>del TPL, amministrazioni pubbliche, agenzie, rappresentanti dei pendolari e associazioni).<br>La conferenza si \u00e8 svolta su quattro temi all\u2019ordine del giorno: i) l\u2019aggiornamento sulle misure<br>economiche a sostegno del TPL e per il rinnovo degli autobus adibiti a servizi di TPL, ii) lo<br>stato dell\u2019arte relativo all\u2019adeguamento degli statuti delle Agenzie del TPL alla normativa<br>regionale, iii) l\u2019andamento del servizio ferroviario regionale e nuovo orario, e iv) la<br>programmazione lavori RFI e Ferrovienord.<br>Dopo l\u2019illustrazione dei vari temi da parte di Regione Lombardia, si \u00e8 aperto un momento di<br>scambio con le varie parti interessate. Da pi\u00f9 parti \u2013 e non solo dai rappresentanti dei<br>viaggiatori \u2013 \u00e8 arrivata la richiesta di convocazione dei Tavoli di Quadrante, che non si<br>tengono da pi\u00f9 di due anni e mezzo. L\u2019importanza e la rilevanza di questi incontri \u00e8 cruciale<br>per poter veicolare in modo efficace informazioni sul servizio ferroviario da Regione,<br>Trenord, RFI e FerrovieNord ai diretti interessati cio\u00e8 i cittadini tramite i comitati e le<br>amministrazioni locali coinvolte. Questi incontri \u2013 previsti dal Contratto di Servizio \u2013 sono un<br>momento di valutazione sullo stato del servizio e miglioramento dello stesso attraverso le<br>segnalazioni da parte di chi quel servizio lo utilizza.<br>L&#8217;assessora Terzi &#8211; dopo aver glissato su varie domande precedenti &#8211; \u00e8 stata chiara,<br>determinata e inflessibile su un solo punto: i Tavoli di Quadrante non verranno convocati.<br>Questo perch\u00e9 non vuole parlare con i comitati che \u201cnon sono eletti ufficialmente\u201d e che per<br>lei \u201cnon valgono nulla\u201d. Di conseguenza, per l\u2019Assessore i Tavoli di Quadrante non hanno<br>senso di esistere.<br>Ci pare gi\u00e0 grave che l\u2019Assessore Terzi voglia buttare alle ortiche decenni di dialogo tra la<br>Regione e i cittadini perch\u00e9 i comitati \u201cnon sono eletti\u201d. Ci chiediamo anche se questa sia la<br>posizione della Giunta e della maggioranza del Consiglio Regionale. Ma \u00e8 ancor pi\u00f9 grave<br>che da questo dialogo tagli fuori sindaci ed enti locali che pure partecipano a tali incontri e<br>che hanno diritto a conoscere in anteprima (e non a cose fatte) modifiche di orario e<br>programmazione ferroviaria.<br>Sui Rappresentanti dei Viaggiatori, peraltro \u201celetti\u201d dai comitati stessi, si \u00e8 detta disponibile<br>e aperta al dialogo. Tuttavia, alla prova dei fatti, \u00e8 da pi\u00f9 di due anni che n\u00e9 l\u2019Assessore n\u00e9<br>la sua struttura rispondono alle email e PEC di richieste di chiarimenti, dimenticandosi degli<br>incontri che promette, come \u00e8 capitato pi\u00f9 volte.<br>Piuttosto che convocare i Tavoli di Quadrante, l\u2019Assessore ha promesso di convocare<br>un\u2019altra Conferenza del TPL. Auspichiamo che in questa sede ci sia un ordine del giorno sui<br>reali compiti previsti dalla Conferenza, come le modifiche al Regolamento Tariffario ed il<br>Contratto di Servizio, argomenti che sembrano invece un vero e proprio tab\u00f9 e che vengono<br>affrontati semplicemente comunicando le decisioni prese. Come per il caso del biglietto con<br>validit\u00e0 giornaliera, approvato senza nessuna previa discussione perch\u00e9, nelle parole<br>dell\u2019Assessore \u201ccos\u00ec accade nel resto d\u2019Italia con Trenitalia\u201d. Prendiamo atto che da oggi \u00e8<br>la societ\u00e0 Statale l\u2019esempio da seguire per la Lombardia.<\/p>\n\n\n\n<p>Per concludere, la nostra preoccupazione maggiore \u00e8 che la continua eliminazione degli<br>strumenti a tutela dei viaggiatori, in primis il loro effettivo coinvolgimento, passi da una<br>situazione de facto ad una de iure, con la modifica della Legge Regionale e l\u2019eliminazione<br>dal contratto di servizio di tutte quelle prescrizioni in merito alla consultazione dei viaggiatori.<br>I Rappresentanti dei Viaggiatori alla Conferenza TPL di Regione Lombardia<br>Milano, 12 luglio 2022<br>Franco Aggio<br>Giorgio Dah\u00f2<br>Stefano Lorenzi<br>Francesco Ninno<br>Sara Salmoiraghi<\/p>\n","protected":false},"excerpt":{"rendered":"<p>RAPPRESENTANTI DEI VIAGGIATORI ALLA CONFERENZA DEL TPL: L\u2019ASSESSORE \u201cABOLISCE\u201d I COMITATI PENDOLARI Dopo trent\u2019anni di rapporto tra Regione Lombardia e i comitati, l\u2019Assessore Terzi nega illoro ruolo nel dialogo sul [&hellip;]<\/p>\n","protected":false},"author":1,"featured_media":237,"comment_status":"open","ping_status":"open","sticky":false,"template":"","format":"standard","meta":[],"categories":[3,7],"tags":[],"_links":{"self":[{"href":"https:\/\/www.pendolari-co-lc.it\/index.php\/wp-json\/wp\/v2\/posts\/1712"}],"collection":[{"href":"https:\/\/www.pendolari-co-lc.it\/index.php\/wp-json\/wp\/v2\/posts"}],"about":[{"href":"https:\/\/www.pendolari-co-lc.it\/index.php\/wp-json\/wp\/v2\/types\/post"}],"author":[{"embeddable":true,"href":"https:\/\/www.pendolari-co-lc.it\/index.php\/wp-json\/wp\/v2\/users\/1"}],"replies":[{"embeddable":true,"href":"https:\/\/www.pendolari-co-lc.it\/index.php\/wp-json\/wp\/v2\/comments?post=1712"}],"version-history":[{"count":2,"href":"https:\/\/www.pendolari-co-lc.it\/index.php\/wp-json\/wp\/v2\/posts\/1712\/revisions"}],"predecessor-version":[{"id":1714,"href":"https:\/\/www.pendolari-co-lc.it\/index.php\/wp-json\/wp\/v2\/posts\/1712\/revisions\/1714"}],"wp:featuredmedia":[{"embeddable":true,"href":"https:\/\/www.pendolari-co-lc.it\/index.php\/wp-json\/wp\/v2\/media\/237"}],"wp:attachment":[{"href":"https:\/\/www.pendolari-co-lc.it\/index.php\/wp-json\/wp\/v2\/media?parent=1712"}],"wp:term":[{"taxonomy":"category","embeddable":true,"href":"https:\/\/www.pendolari-co-lc.it\/index.php\/wp-json\/wp\/v2\/categories?post=1712"},{"taxonomy":"post_tag","embeddable":true,"href":"https:\/\/www.pendolari-co-lc.it\/index.php\/wp-json\/wp\/v2\/tags?post=1712"}],"curies":[{"name":"wp","href":"https:\/\/api.w.org\/{rel}","templated":true}]}}