{"id":1723,"date":"2022-11-02T11:48:48","date_gmt":"2022-11-02T10:48:48","guid":{"rendered":"http:\/\/www.pendolari-co-lc.it\/?p=1723"},"modified":"2022-11-02T11:49:13","modified_gmt":"2022-11-02T10:49:13","slug":"inaugurazione-del-sentiero-pedemonte-ferrovia-como-lecco","status":"publish","type":"post","link":"https:\/\/www.pendolari-co-lc.it\/index.php\/2022\/11\/02\/inaugurazione-del-sentiero-pedemonte-ferrovia-como-lecco\/","title":{"rendered":"inaugurazione del Sentiero Pedemonte Ferrovia Como-Lecco"},"content":{"rendered":"\n<p>5 e 19 novembre 2022 | Sentiero Pedemonte: escursioni Lecco-Sala al Barro e Oggiono-Molteno-Rogeno<\/p>\n\n\n\n<figure class=\"wp-block-image size-large\"><a href=\"https:\/\/docs.google.com\/forms\/d\/e\/1FAIpQLSeHvGmZEbCB29m1xgEv8uYj4jHL_XHy1OllyncWxTFR6jHuJw\/viewform\" target=\"_blank\" rel=\"noreferrer noopener\"><img decoding=\"async\" loading=\"lazy\" width=\"550\" height=\"778\" src=\"https:\/\/www.pendolari-co-lc.it\/wp-content\/uploads\/2022\/11\/sentiero-pedemonte-550x778.jpeg\" alt=\"\" class=\"wp-image-1724\" srcset=\"https:\/\/www.pendolari-co-lc.it\/wp-content\/uploads\/2022\/11\/sentiero-pedemonte-550x778.jpeg 550w, https:\/\/www.pendolari-co-lc.it\/wp-content\/uploads\/2022\/11\/sentiero-pedemonte-212x300.jpeg 212w, https:\/\/www.pendolari-co-lc.it\/wp-content\/uploads\/2022\/11\/sentiero-pedemonte-768x1086.jpeg 768w, https:\/\/www.pendolari-co-lc.it\/wp-content\/uploads\/2022\/11\/sentiero-pedemonte-1086x1536.jpeg 1086w, https:\/\/www.pendolari-co-lc.it\/wp-content\/uploads\/2022\/11\/sentiero-pedemonte.jpeg 1131w\" sizes=\"(max-width: 550px) 100vw, 550px\" \/><\/a><\/figure>\n\n\n\n<p>Il comitato Sentiero Pedemonte ferrovia Como-Lecco&nbsp;propone due eventi di inaugurazione:<\/p>\n\n\n\n<p><strong>PROGRAMMA CAMMINATE:<\/strong><\/p>\n\n\n\n<p><strong>&#8211; Sabato 5 Novembre: Lecco-Sala al Barro<\/strong><\/p>\n\n\n\n<p>Ritrovo alle ore 9.00 presso il piazzale Stazione RFI (Piazza Lega Lombarda) a Lecco per l&#8217;inaugurazione del cartello Sentiero Pedemonte alla presenza delle autorit\u00e0 e partenza a piedi per raggiungere l&#8217;Eremo di Monte Barro. Alle ore 12.30 ci si fermer\u00e0 per una pausa con un aperi-pranzo offerto dagli organizzatori presso il Ristorante Eremo.&nbsp;Dopo il pranzo continua l&#8217;escursione per arrivare alla&nbsp;Stazione di Sala al Barro, dove si inaugurer\u00e0 il secondo pannello informativo sul Sentiero Pedemonte posato sulla tratta Lecco-Sala al Barro. Alle&nbsp;15.41 \u00e8 previsto il rientro in treno da Sala al Barro a Lecco, con arrivo alle ore 15.53.<\/p>\n\n\n\n<p>Dettagli escursione approssimativi: 4 ore di cammino, 550m dislivello, 13,5km.&nbsp;Il percorso si svolger\u00e0 prevalentemente sui sentieri all&#8217;interno del Parco Monte Barro con alcuni tratti su strade urbane e sterrate.<\/p>\n\n\n\n<p>(&#x1f327;&#xfe0f; in caso di maltempo rimandato al 12 Novembre)<\/p>\n\n\n\n<p><strong>&#8211; Sabato 19 Novembre: Oggiono-Molteno-Rogeno<\/strong><\/p>\n\n\n\n<p>Ritrovo alle ore 9.00 presso la Stazione RFI di Oggiono (Via Giacomo Leopardi, 1) per l&#8217;inaugurazione del cartello promozionale del Sentiero Pedemonte alla presenza delle autorit\u00e0 e partenza a piedi&nbsp;lungo il percorso per raggiungere la Stazione di Molteno dove si inaugurer\u00e0 un altro cartello posato lungo la tratta. A Molteno \u00e8 previsto un aperitivo offerto per poi ripartire a piedi e completare questa escursione con l&#8217;inaugurazione del cartello presso la&nbsp;Stazione di Casletto-Rogeno.&nbsp;Sar\u00e0 possibile il rientro in treno: partenza del treno alle ore 14.21 da Casletto-Rogeno con arrivo a Oggiono alle ore 14.35 (cambio a Molteno).<\/p>\n\n\n\n<p>Dettagli escursione approssimativi: 4 ore di cammino, 15km.&nbsp;Il percorso si svolger\u00e0 prevalentemente su strade sterrate e sentieri con brevi tratti su strade urbane.<\/p>\n\n\n\n<p>(&#x1f327;&#xfe0f; in caso di maltempo rimandato al 26 Novembre)<\/p>\n\n\n\n<p>I promotori non si assumono responsabilit\u00e0 per danni a cose o persone.&nbsp;<\/p>\n\n\n\n<p>Consigliato abbigliamento comodo e scarponi da trekking.<\/p>\n\n\n\n<p>Per informazioni contattare:&nbsp;sentieropedemonte@gmail.com o&nbsp;0341 365798<\/p>\n\n\n\n<p>Vi aspettiamo!&nbsp;&#x1f60a;<\/p>\n\n\n\n<p>Per iscriversi \u00e8 necessario compilare il seguente modulo<\/p>\n\n\n\n<p><a href=\"https:\/\/docs.google.com\/forms\/d\/e\/1FAIpQLSeHvGmZEbCB29m1xgEv8uYj4jHL_XHy1OllyncWxTFR6jHuJw\/viewform\" target=\"_blank\" rel=\"noreferrer noopener\">https:\/\/docs.google.com\/forms\/d\/e\/1FAIpQLSeHvGmZEbCB29m1xgEv8uYj4jHL_XHy1OllyncWxTFR6jHuJw\/viewform<\/a><\/p>\n","protected":false},"excerpt":{"rendered":"<p>5 e 19 novembre 2022 | Sentiero Pedemonte: escursioni Lecco-Sala al Barro e Oggiono-Molteno-Rogeno Il comitato Sentiero Pedemonte ferrovia Como-Lecco&nbsp;propone due eventi di inaugurazione: PROGRAMMA CAMMINATE: &#8211; Sabato 5 Novembre: [&hellip;]<\/p>\n","protected":false},"author":1,"featured_media":1724,"comment_status":"open","ping_status":"open","sticky":false,"template":"","format":"standard","meta":[],"categories":[3,26],"tags":[],"_links":{"self":[{"href":"https:\/\/www.pendolari-co-lc.it\/index.php\/wp-json\/wp\/v2\/posts\/1723"}],"collection":[{"href":"https:\/\/www.pendolari-co-lc.it\/index.php\/wp-json\/wp\/v2\/posts"}],"about":[{"href":"https:\/\/www.pendolari-co-lc.it\/index.php\/wp-json\/wp\/v2\/types\/post"}],"author":[{"embeddable":true,"href":"https:\/\/www.pendolari-co-lc.it\/index.php\/wp-json\/wp\/v2\/users\/1"}],"replies":[{"embeddable":true,"href":"https:\/\/www.pendolari-co-lc.it\/index.php\/wp-json\/wp\/v2\/comments?post=1723"}],"version-history":[{"count":2,"href":"https:\/\/www.pendolari-co-lc.it\/index.php\/wp-json\/wp\/v2\/posts\/1723\/revisions"}],"predecessor-version":[{"id":1726,"href":"https:\/\/www.pendolari-co-lc.it\/index.php\/wp-json\/wp\/v2\/posts\/1723\/revisions\/1726"}],"wp:featuredmedia":[{"embeddable":true,"href":"https:\/\/www.pendolari-co-lc.it\/index.php\/wp-json\/wp\/v2\/media\/1724"}],"wp:attachment":[{"href":"https:\/\/www.pendolari-co-lc.it\/index.php\/wp-json\/wp\/v2\/media?parent=1723"}],"wp:term":[{"taxonomy":"category","embeddable":true,"href":"https:\/\/www.pendolari-co-lc.it\/index.php\/wp-json\/wp\/v2\/categories?post=1723"},{"taxonomy":"post_tag","embeddable":true,"href":"https:\/\/www.pendolari-co-lc.it\/index.php\/wp-json\/wp\/v2\/tags?post=1723"}],"curies":[{"name":"wp","href":"https:\/\/api.w.org\/{rel}","templated":true}]}}