{"id":539,"date":"2015-12-05T22:50:58","date_gmt":"2015-12-05T21:50:58","guid":{"rendered":"http:\/\/www.pendolari-co-lc.it\/?p=539"},"modified":"2015-12-05T22:54:03","modified_gmt":"2015-12-05T21:54:03","slug":"como-citta-dei-balocchi-il-trenino-dei-balocchi","status":"publish","type":"post","link":"https:\/\/www.pendolari-co-lc.it\/index.php\/2015\/12\/05\/como-citta-dei-balocchi-il-trenino-dei-balocchi\/","title":{"rendered":"Como citt\u00e0 dei balocchi: il trenino dei Balocchi"},"content":{"rendered":"<p><a href=\"https:\/\/www.pendolari-co-lc.it\/wp-content\/uploads\/2015\/12\/il-trenino-dei-balocchi.pdf\" target=\"_blank\"><img decoding=\"async\" loading=\"lazy\" class=\"wp-image-541 size-medium alignleft\" src=\"https:\/\/www.pendolari-co-lc.it\/wp-content\/uploads\/2015\/12\/como-citta-dei-balocchi-210x300.jpg\" alt=\"como citta dei balocchi\" width=\"210\" height=\"300\" srcset=\"https:\/\/www.pendolari-co-lc.it\/wp-content\/uploads\/2015\/12\/como-citta-dei-balocchi-210x300.jpg 210w, https:\/\/www.pendolari-co-lc.it\/wp-content\/uploads\/2015\/12\/como-citta-dei-balocchi-550x786.jpg 550w, https:\/\/www.pendolari-co-lc.it\/wp-content\/uploads\/2015\/12\/como-citta-dei-balocchi.jpg 1024w\" sizes=\"(max-width: 210px) 100vw, 210px\" \/><\/a><\/p>\n<p><a href=\"http:\/\/www.comointreno.it\/dett\/trenino-dei-balocchi.aspx\" target=\"_blank\">Il trenino dei balocchi.<\/a><\/p>\n<p>Il trenino \u00e8 un simbolo carico di significati e suggestioni. Per i pi\u00f9 piccoli \u00e8 una scoperta, un\u2019attesa di novit\u00e0. Per i pi\u00f9 grandi \u00e8 nostalgia, fascino. Per entrambi \u00e8 un\u2019occasione per sognare ad occhi aperti. Il magico mondo dei treni giocattolo arriva alla Citt\u00e0 dei Balocchi che nel salone del Broletto ospita la mostra \u201cLa storia in carrozza\u201d, accompagnata dall\u2019esposizione di plastici in movimento. L\u2019evento si svolge in collaborazione con COMOinTRENO, associazione che si occupa della cultura del modellismo e della promozione della ferrovia, elemento prezioso per una mobilit\u00e0 sostenibile e razionale. Il Trenino dei Balocchi sar\u00e0 un momento di sicuro richiamo per tutte le et\u00e0, di svago, di gioia, di sorpresa nel vedere come il tema possa essere declinato in varie forme mediante gli oggetti ed i plastici esposti. Incoraggiando i bambini a diventare fin da piccoli protagonisti consapevoli di una mobilit\u00e0 alternativa realizzata con mezzi e forme ecocompatibili.<\/p>\n<p>&nbsp;<\/p>\n<p>&nbsp;<\/p>\n<p><img decoding=\"async\" loading=\"lazy\" class=\"wp-image-542 alignleft\" src=\"https:\/\/www.pendolari-co-lc.it\/wp-content\/uploads\/2015\/12\/il-trenino-dei-balocchi-2015-300x247.jpg\" alt=\"il trenino dei balocchi 2015\" width=\"366\" height=\"301\" srcset=\"https:\/\/www.pendolari-co-lc.it\/wp-content\/uploads\/2015\/12\/il-trenino-dei-balocchi-2015-300x247.jpg 300w, https:\/\/www.pendolari-co-lc.it\/wp-content\/uploads\/2015\/12\/il-trenino-dei-balocchi-2015-550x453.jpg 550w, https:\/\/www.pendolari-co-lc.it\/wp-content\/uploads\/2015\/12\/il-trenino-dei-balocchi-2015.jpg 1311w\" sizes=\"(max-width: 366px) 100vw, 366px\" \/><\/p>\n<p>MOSTRA \u201cFERROVIE A COMO &#8211; LA STORIA IN CARROZZA\u201d<br \/>\nI materiali storici e le ricerche del \u201cCRA FNM \u2013 Sezione Cultura Ferroviaria\u201d e di<br \/>\n\u201cCOMOinTRENO\u201d, consentiranno di riscoprire brani di memoria collettiva attraverso<br \/>\noggetti, manifesti pubblicitari, cimeli di un passato tanto vicino quanto troppo<br \/>\nfrettolosamente dimenticato. La mostra sar\u00e0 aperta al pubblico nelle date di<br \/>\nesposizione dei plastici.<br \/>\nESPOSIZIONE DI MODELLI E PLASTICI FERROVIARI<br \/>\nTre fine settimana di coinvolgenti suggestioni per piccoli e grandi con treni in<br \/>\nmovimento su plastici di associazioni provenienti da diverse citt\u00e0.<br \/>\n. 12-13 dicembre: citt\u00e0 e trenini LEGO, a cura dell\u2019associazione \u201cItalian<br \/>\nLEGO Users Group\u201d. I pi\u00f9 piccoli potranno anche cimentarsi direttamente nella<br \/>\nmanipolazione dei famosi mattoncini, grazie al laboratorio allestito dal gruppo.<br \/>\n. 19-20 dicembre: plastico modulare riccamente dettagliato e di stile italiano<br \/>\na cura di \u201cGruppo Appassionati Scala TT\u201d, contemporaneamente alla mostra dei<br \/>\nmodelli e diorami del concorso di modellismo.<br \/>\n. 2-3 gennaio: i treni da giardino a cura degli \u201cAmici della Scala G\u201d: un grande<br \/>\ntracciato di modelli da esterni, allestito come un vero giardino. Nelle stesse giornate<br \/>\nun vero e proprio capolavoro: il deposito locomotive a vapore in scala HO di Massimo<br \/>\nBonalumi, con movimento, suoni e fumo dalle vaporiere pi\u00f9 famose della storia<br \/>\nferroviaria italiana.<br \/>\nCONCORSO DI MODELLISMO<br \/>\nSfida per gli appassionati di diverse et\u00e0 e soprattutto occasione preziosa per<br \/>\nricordare Alessandro Civelli, uno fra i tanti che hanno fatto grande il marchio comasco<br \/>\n\u201cRivarossi\u201d, uno fra i primi per passione e metodo. Una giuria qualificata giudicher\u00e0 le<br \/>\ncapacit\u00e0 manuali e l\u2019inventiva dei partecipanti, divisi per et\u00e0 e categorie.<br \/>\nLa mostra finale si terr\u00e0 durante i giorni 19 e 20 dicembre. Premiazione domenica<br \/>\n20 dicembre (info: www.comointreno.it).<\/p>\n<p>&nbsp;<\/p>\n","protected":false},"excerpt":{"rendered":"<p>Il trenino dei balocchi. Il trenino \u00e8 un simbolo carico di significati e suggestioni. Per i pi\u00f9 piccoli \u00e8 una scoperta, un\u2019attesa di novit\u00e0. Per i pi\u00f9 grandi \u00e8 nostalgia, [&hellip;]<\/p>\n","protected":false},"author":1,"featured_media":0,"comment_status":"open","ping_status":"open","sticky":false,"template":"","format":"standard","meta":[],"categories":[3],"tags":[],"_links":{"self":[{"href":"https:\/\/www.pendolari-co-lc.it\/index.php\/wp-json\/wp\/v2\/posts\/539"}],"collection":[{"href":"https:\/\/www.pendolari-co-lc.it\/index.php\/wp-json\/wp\/v2\/posts"}],"about":[{"href":"https:\/\/www.pendolari-co-lc.it\/index.php\/wp-json\/wp\/v2\/types\/post"}],"author":[{"embeddable":true,"href":"https:\/\/www.pendolari-co-lc.it\/index.php\/wp-json\/wp\/v2\/users\/1"}],"replies":[{"embeddable":true,"href":"https:\/\/www.pendolari-co-lc.it\/index.php\/wp-json\/wp\/v2\/comments?post=539"}],"version-history":[{"count":5,"href":"https:\/\/www.pendolari-co-lc.it\/index.php\/wp-json\/wp\/v2\/posts\/539\/revisions"}],"predecessor-version":[{"id":548,"href":"https:\/\/www.pendolari-co-lc.it\/index.php\/wp-json\/wp\/v2\/posts\/539\/revisions\/548"}],"wp:attachment":[{"href":"https:\/\/www.pendolari-co-lc.it\/index.php\/wp-json\/wp\/v2\/media?parent=539"}],"wp:term":[{"taxonomy":"category","embeddable":true,"href":"https:\/\/www.pendolari-co-lc.it\/index.php\/wp-json\/wp\/v2\/categories?post=539"},{"taxonomy":"post_tag","embeddable":true,"href":"https:\/\/www.pendolari-co-lc.it\/index.php\/wp-json\/wp\/v2\/tags?post=539"}],"curies":[{"name":"wp","href":"https:\/\/api.w.org\/{rel}","templated":true}]}}