{"id":878,"date":"2017-07-03T19:14:01","date_gmt":"2017-07-03T17:14:01","guid":{"rendered":"http:\/\/www.pendolari-co-lc.it\/?p=878"},"modified":"2018-06-06T14:21:27","modified_gmt":"2018-06-06T12:21:27","slug":"lettera-a-regione-lombardia-e-trenord-andamento-servizio-ferroviario-regionale","status":"publish","type":"post","link":"https:\/\/www.pendolari-co-lc.it\/index.php\/2017\/07\/03\/lettera-a-regione-lombardia-e-trenord-andamento-servizio-ferroviario-regionale\/","title":{"rendered":"Lettera a Regione Lombardia e Trenord: Andamento servizio ferroviario regionale"},"content":{"rendered":"<div id=\"m_-6043148675269345075yiv2264225146yui_3_16_0_ym19_1_1499010010559_89840\">\n<div id=\"m_-6043148675269345075yiv2264225146yui_3_16_0_ym19_1_1499010010559_90832\">\n<p><a href=\"https:\/\/www.pendolari-co-lc.it\/wp-content\/uploads\/2016\/02\/lettera.jpg\"><img decoding=\"async\" loading=\"lazy\" class=\"size-thumbnail wp-image-565 alignleft\" src=\"https:\/\/www.pendolari-co-lc.it\/wp-content\/uploads\/2016\/02\/lettera-150x150.jpg\" alt=\"\" width=\"150\" height=\"150\" srcset=\"https:\/\/www.pendolari-co-lc.it\/wp-content\/uploads\/2016\/02\/lettera-150x150.jpg 150w, https:\/\/www.pendolari-co-lc.it\/wp-content\/uploads\/2016\/02\/lettera-36x36.jpg 36w, https:\/\/www.pendolari-co-lc.it\/wp-content\/uploads\/2016\/02\/lettera-115x115.jpg 115w\" sizes=\"(max-width: 150px) 100vw, 150px\" \/><\/a><\/p>\n<p><span id=\"m_1672788802043963502yiv2282721741yui_3_16_0_ym19_1_1499010010559_89841\" style=\"font-family: tahoma, sans-serif;\">Egr. Presidente Maroni,<\/span><\/p>\n<p><span style=\"font-family: tahoma, sans-serif;\">Egr. Assessore Sorte,<\/span><\/p>\n<div id=\"m_1672788802043963502yiv2282721741yui_3_16_0_ym19_1_1499070930789_37641\" class=\"m_1672788802043963502yiv2282721741y_msg_container\">\n<div id=\"m_1672788802043963502yiv2282721741\">\n<div id=\"m_1672788802043963502yiv2282721741yui_3_16_0_ym19_1_1499070930789_37644\">\n<div id=\"m_1672788802043963502yiv2282721741yui_3_16_0_ym19_1_1499070930789_37643\">\n<div id=\"m_1672788802043963502yiv2282721741\">\n<div id=\"m_1672788802043963502yiv2282721741yui_3_16_0_ym19_1_1499070930789_20511\">\n<div id=\"m_1672788802043963502yiv2282721741yui_3_16_0_ym19_1_1499070930789_20510\">\n<div id=\"m_1672788802043963502yiv2282721741yui_3_16_0_ym19_1_1499010010559_89839\">\n<div id=\"m_1672788802043963502yiv2282721741yui_3_16_0_ym19_1_1499010010559_89840\">\n<div id=\"m_1672788802043963502yiv2282721741yui_3_16_0_ym19_1_1499010010559_89846\">\u200b<span id=\"m_1672788802043963502yiv2282721741yui_3_16_0_ym19_1_1499010010559_89847\" style=\"font-family: tahoma, sans-serif;\">Egr. AD Faris\u00e9,<\/span><\/div>\n<\/div>\n<div id=\"m_1672788802043963502yiv2282721741yui_3_16_0_ym19_1_1499010010559_89848\"><span id=\"m_1672788802043963502yiv2282721741yui_3_16_0_ym19_1_1499010010559_89849\" style=\"font-family: tahoma, sans-serif;\">\u00a0<\/span><\/div>\n<div id=\"m_1672788802043963502yiv2282721741yui_3_16_0_ym19_1_1499010010559_89851\"><span id=\"m_1672788802043963502yiv2282721741yui_3_16_0_ym19_1_1499010010559_89852\" style=\"font-family: tahoma, sans-serif;\">i fatti di queste settimane denunciano un tasso di soppressioni dei treni mai visti prima nella storia di Trenord, tranne che a dicembre 2012 quando il sistema collass\u00f2.<\/span><\/div>\n<div id=\"m_1672788802043963502yiv2282721741yui_3_16_0_ym19_1_1499010010559_89853\"><span id=\"m_1672788802043963502yiv2282721741yui_3_16_0_ym19_1_1499010010559_89854\" style=\"font-family: tahoma, sans-serif;\">\u00a0<\/span><\/div>\n<div id=\"m_1672788802043963502yiv2282721741yui_3_16_0_ym19_1_1499010010559_89856\"><span id=\"m_1672788802043963502yiv2282721741yui_3_16_0_ym19_1_1499010010559_89857\" style=\"font-family: tahoma, sans-serif;\">Desideriamo esprimere chiaramente il nostro sconcerto rispetto ad una gestione del servizio pessima e chiedere chiarimenti rispetto alle notizie trapelate in questi giorni tra i viaggiatori e il personale dell&#8217;eventualit\u00e0 di una chiusura programmata di intere linee voluta dall&#8217;azienda per l&#8217;incapacit\u00e0 di far fronte alla situazione di caldo.<\/span><\/div>\n<div id=\"m_1672788802043963502yiv2282721741yui_3_16_0_ym19_1_1499010010559_89858\"><span id=\"m_1672788802043963502yiv2282721741yui_3_16_0_ym19_1_1499010010559_89859\" style=\"font-family: tahoma, sans-serif;\">Ci chiediamo se sia veramente l&#8217;afa il problema di un&#8217;azienda che opera in Lombardia (le cui estati sono note ai pi\u00f9 essere torride) o forse pi\u00f9 un affanno, dovuto a una continua rincorsa di problemi mai risolti.\u00a0<\/span><\/div>\n<div id=\"m_1672788802043963502yiv2282721741yui_3_16_0_ym19_1_1499010010559_89860\"><span id=\"m_1672788802043963502yiv2282721741yui_3_16_0_ym19_1_1499010010559_89861\" style=\"font-family: tahoma, sans-serif;\">\u00a0<\/span><\/div>\n<div id=\"m_1672788802043963502yiv2282721741yui_3_16_0_ym19_1_1499010010559_89863\"><span id=\"m_1672788802043963502yiv2282721741yui_3_16_0_ym19_1_1499010010559_89864\" style=\"font-family: tahoma, sans-serif;\">Le soppressioni di queste settimane avvengono a nostro avviso a seguito di una serie inaccettabile di disservizi &#8211; in progressivo e costante peggioramento &#8211; che ricordano ai pi\u00f9 la d\u00e9b\u00e2cle di dicembre 2012, tristemente famosa per essere stata una delle peggiori pagine della storia di Trenord, con la differenza che la crisi acuta di tale periodo era stata innescata dalla congiuntura di eventi tecnici e politici mentre oggi \u00e8 figlia di una gestione dell&#8217;azienda dai discutibili risultati. \u00a0<\/span><\/div>\n<div id=\"m_1672788802043963502yiv2282721741yui_3_16_0_ym19_1_1499010010559_89865\"><span id=\"m_1672788802043963502yiv2282721741yui_3_16_0_ym19_1_1499010010559_89866\" style=\"font-family: tahoma, sans-serif;\">\u00a0<\/span><\/div>\n<div id=\"m_1672788802043963502yiv2282721741yui_3_16_0_ym19_1_1499010010559_89868\"><span id=\"m_1672788802043963502yiv2282721741yui_3_16_0_ym19_1_1499010010559_89869\" style=\"font-family: tahoma, sans-serif;\">Le attuali difficolt\u00e0 di un giugno senza pari per disservizi e cancellazioni nascono a parere di chi viaggia tutti i giorni da due problemi strutturali non risolti e forse mai affrontati fuori da pezze messe in emergenza.<\/span><\/div>\n<div id=\"m_1672788802043963502yiv2282721741yui_3_16_0_ym19_1_1499010010559_89870\"><span id=\"m_1672788802043963502yiv2282721741yui_3_16_0_ym19_1_1499010010559_89871\" style=\"font-family: tahoma, sans-serif;\">&#8211; Il primo \u00e8 l&#8217;indisponibilit\u00e0 dei treni per evidente inadeguata e insufficiente manutenzione. La motivazione sempre invocata dell&#8217;et\u00e0 vetusta del materiale rotabile \u00e8 inconsistente. Ben venga il materiale nuovo, e su questo invitiamo Regione Lombardia a non sospendere gli sforzi fatti in anni recenti in investimento sul materiale rotabile, ma il materiale moderno richiede ancora pi\u00f9 manutenzione del materiale vecchio a causa della maggiore complessit\u00e0 tecnologica e impiantistica. Ne \u00e8 una prova il numero di soppressioni registrate su linee gestite con materiali appena acquistati da Regione, treni delle serie pi\u00f9 recenti che girano con l&#8217;aria condizionata guasta o che perdono acqua di condensa sui sedili o che girano con porte guaste per successivi giorni interi.<\/span><\/div>\n<div id=\"m_1672788802043963502yiv2282721741yui_3_16_0_ym19_1_1499010010559_89872\"><span id=\"m_1672788802043963502yiv2282721741yui_3_16_0_ym19_1_1499010010559_89873\" style=\"font-family: tahoma, sans-serif;\">&#8211; Il secondo problema strutturale, addirittura pi\u00f9 grave del precedente che viene usato per mascherarne la portata, \u00e8 l&#8217;indisponibilit\u00e0 cronica di personale viaggiante che si fa immancabilmente evidente nei tradizionali periodi di vacanza, come i giorni di Natale 2016 o il primo gennaio 2017, con picchi di cancellazioni che non possono essere attribuite ai guasti e ad un&#8217;azienda sana.\u00a0<\/span><\/div>\n<div id=\"m_1672788802043963502yiv2282721741yui_3_16_0_ym19_1_1499010010559_89874\"><span id=\"m_1672788802043963502yiv2282721741yui_3_16_0_ym19_1_1499010010559_89875\" style=\"font-family: tahoma, sans-serif;\">\u00a0<\/span><\/div>\n<div id=\"m_1672788802043963502yiv2282721741yui_3_16_0_ym19_1_1499010010559_89877\"><span id=\"m_1672788802043963502yiv2282721741yui_3_16_0_ym19_1_1499010010559_89878\" style=\"font-family: tahoma, sans-serif;\">Cos\u00ec va a nostro avviso interpretato il repentino aumento di cancellazioni da giugno che coincide con la fine del calendario scolastico, o la paventata \u00a0chiusura di intere linee dalle prossime settimane o ancora, le richieste da parte di Trenord di ottenere di anno in anno intervalli sempre pi\u00f9 ampi di riduzione del servizio a Natale e ad Agosto. Tutti provvedimenti comunque non sufficienti a coprire i turni con conseguente aumento delle cancellazioni, oltre che in palese controtendenza rispetto alle esigenze dei viaggiatori. Tale motivazione \u00e8 testimoniata dalle spesso annunciate soppressioni dei convogli con diverse ore di anticipo e quindi non certo riconducibili a improvvisi guasti del materiale.<\/span><\/div>\n<div id=\"m_1672788802043963502yiv2282721741yui_3_16_0_ym19_1_1499010010559_89879\"><span id=\"m_1672788802043963502yiv2282721741yui_3_16_0_ym19_1_1499010010559_89880\" style=\"font-family: tahoma, sans-serif;\">\u00a0<\/span><\/div>\n<div id=\"m_1672788802043963502yiv2282721741yui_3_16_0_ym19_1_1499010010559_89882\"><span id=\"m_1672788802043963502yiv2282721741yui_3_16_0_ym19_1_1499010010559_89883\" style=\"font-family: tahoma, sans-serif;\">Chiediamo a Regione che si faccia garante del rispetto del Contratto di Servizio da parte dell&#8217;azienda che ha firmato a fronte di 450 milioni di Euro di denaro pubblico che ogni anno i cittadini impegnano per ottenere risultati sul servizio non paragonabili all&#8217;investimento fatto.\u00a0<\/span><\/div>\n<div id=\"m_1672788802043963502yiv2282721741yui_3_16_0_ym19_1_1499010010559_89884\"><span id=\"m_1672788802043963502yiv2282721741yui_3_16_0_ym19_1_1499010010559_89885\" style=\"font-family: tahoma, sans-serif;\">\u00a0<\/span><\/div>\n<div id=\"m_1672788802043963502yiv2282721741yui_3_16_0_ym19_1_1499010010559_89887\"><span id=\"m_1672788802043963502yiv2282721741yui_3_16_0_ym19_1_1499010010559_89888\" style=\"font-family: tahoma, sans-serif;\">Chiediamo a Trenord di rendere conto alla collettivit\u00e0 dei due problemi strutturali sopra esposti, che vengano seriamente affrontati e non mascherati da una serie di spot autocelebrativi o trattati con inefficaci palliativi in emergenza messi in atto dalle tanto decantate task force, tutto pur di non affrontare i problemi alla radice nell&#8217;ottica di minimizzare i costi per massimizzare la remunerazione dell&#8217;azienda.<\/span><\/div>\n<div id=\"m_1672788802043963502yiv2282721741yui_3_16_0_ym19_1_1499010010559_89889\"><span id=\"m_1672788802043963502yiv2282721741yui_3_16_0_ym19_1_1499010010559_89890\" style=\"font-family: tahoma, sans-serif;\">\u00a0<\/span><\/div>\n<div id=\"m_1672788802043963502yiv2282721741yui_3_16_0_ym19_1_1499010010559_89892\"><span id=\"m_1672788802043963502yiv2282721741yui_3_16_0_ym19_1_1499010010559_89893\" style=\"font-family: tahoma, sans-serif;\">Chiediamo un&#8217;azienda (che non necessariamente si debba chiamare Trenord&#8230;) che si dimostri adeguata a gestire il contratto di servizio pi\u00f9 virtuoso e remunerativo d&#8217;Italia e che sappia vincere la partita con i giocatori a disposizione senza scaricare continuamente su altri le proprie responsabilit\u00e0.<\/span><\/div>\n<div id=\"m_1672788802043963502yiv2282721741yui_3_16_0_ym19_1_1499010010559_89894\"><span id=\"m_1672788802043963502yiv2282721741yui_3_16_0_ym19_1_1499010010559_89895\" style=\"font-family: tahoma, sans-serif;\">\u00a0<\/span><\/div>\n<div id=\"m_1672788802043963502yiv2282721741yui_3_16_0_ym19_1_1499010010559_89897\"><span id=\"m_1672788802043963502yiv2282721741yui_3_16_0_ym19_1_1499010010559_89898\" style=\"font-family: tahoma, sans-serif;\">Alla politica tutta e soprattutto al Governo Regionale chiediamo innanzitutto attenzione a questo tema e consapevolezza del valore e dell&#8217;indispensabilit\u00e0 che un Servizio Ferroviario efficiente ha per la nostra regione, e che non si sottragga al suo compito di governance dato dal ruolo di titolare dei servizi ferroviari, della rappresentanza degli interessi del territorio e dalla posizione di forza di chi remunera il servizio e lo ha sempre puntualmente finanziato e pu\u00f2 e deve chiamare politicamente i responsabili di tale situazione a rispondere del loro operato.<\/span><\/div>\n<div><\/div>\n<div><span id=\"m_1672788802043963502yiv2282721741yui_3_16_0_ym19_1_1499010010559_89898\" style=\"font-family: tahoma, sans-serif;\">Si allega riassunto della situazione particolare della linea ferroviaria Como-Lecco.<\/span><\/div>\n<\/div>\n<\/div>\n<\/div>\n<\/div>\n<\/div>\n<\/div>\n<\/div>\n<\/div>\n<\/div>\n<\/div>\n<div><\/div>\n<div id=\"m_-6043148675269345075yiv2264225146yui_3_16_0_ym19_1_1499010010559_89840\">\n<div id=\"m_-6043148675269345075yiv2264225146yui_3_16_0_ym19_1_1499010010559_90832\">\n<div id=\"m_1672788802043963502yiv2282721741yui_3_16_0_ym19_1_1499070930789_37641\" class=\"m_1672788802043963502yiv2282721741y_msg_container\">\n<div id=\"m_1672788802043963502yiv2282721741\">\n<div id=\"m_1672788802043963502yiv2282721741yui_3_16_0_ym19_1_1499070930789_37644\">\n<div id=\"m_1672788802043963502yiv2282721741yui_3_16_0_ym19_1_1499070930789_37643\">\n<div id=\"m_1672788802043963502yiv2282721741\">\n<div id=\"m_1672788802043963502yiv2282721741yui_3_16_0_ym19_1_1499070930789_20511\">\n<div id=\"m_1672788802043963502yiv2282721741yui_3_16_0_ym19_1_1499070930789_20510\">\n<div id=\"m_1672788802043963502yiv2282721741yui_3_16_0_ym19_1_1499010010559_89839\">\n<div id=\"m_1672788802043963502yiv2282721741yui_3_16_0_ym19_1_1499010010559_89902\">\n<div id=\"m_1672788802043963502yiv2282721741yui_3_16_0_ym19_1_1499010010559_89937\"><span id=\"m_1672788802043963502yiv2282721741yui_3_16_0_ym19_1_1499010010559_89903\" style=\"font-family: tahoma, sans-serif;\">Cordiali saluti,<\/span><\/div>\n<div><span id=\"m_1672788802043963502yiv2282721741yui_3_16_0_ym19_1_1499010010559_89903\" style=\"font-family: tahoma, sans-serif;\">Comitato Pendolari Como-Lecco<\/span><\/div>\n<\/div>\n<div>\n<p class=\"p1\">Facciamo solo una breve carrellata di ci\u00f2 che \u00e8 successo al cambio orario del 12 giugno 2017.<\/p>\n<p class=\"p1\">All&#8217;incontro del tavolo tecnico ristretto del 05.06.2017 in Regione Lombardia, \u00e8 stato annunciato l&#8217;inserimento di due treni &#8220;nuovi&#8221; ATR 115 e ATR 125 a partire dal 12.06.2017.<\/p>\n<p class=\"p1\">Il 12.06.2017 sono circolate la mattina ancora vecchie 668 lasciando il posto al pomeriggio ai &#8220;nuovi&#8221; ATR 115 e ATR 125. Ci siamo illusi per un giorno che pian pianino le vecchie 668 sarebbero state completamente sostituite e che la situazione sarebbe migliorata.<\/p>\n<p class=\"p1\">E invece no &#8230;.. in particolare da quel momento ad oggi rileviamo che le 668 hanno continuato a circolare a singhiozzo fino al 19 giugno lasciando il posto ai nuovi treni solo all&#8217;incirca il 20 giugno, sperando che vengano lasciati definitivamente.<\/p>\n<p class=\"p2\"><b>SITUAZIONE MESE DI GIUGNO 2017<\/b><\/p>\n<ul class=\"ul1\">\n<li class=\"li1\"><b>26 SOPPRESSIONI TOTALI<\/b> per vari motivi:<\/li>\n<\/ul>\n<ul class=\"ul1\">\n<li class=\"li1\">problemi legati a Rfi come ad esempio il 19 giugno dove sono stati soppressi 9 treni in una giornata per un inconveniente tecnico nella stazione di Cantu&#8217; oppure problemi ai passaggi a livello che si verificano spesso il luned\u00ec o dopo un giorno festivo;<\/li>\n<li class=\"li1\">guasti al materiale rotabile;<\/li>\n<\/ul>\n<ul class=\"ul1\">\n<li class=\"li1\"><b>8 SOPPRESSIONI PARZIALI: ad es. \u00e8 stata sospesa la circolazione tra Como San Giovanni e<\/b> Albate Camerlata il 28 giugno causa maltempo;<\/li>\n<\/ul>\n<ul class=\"ul1\">\n<li class=\"li1\"><b>ALMENO 45 CORSE IN RITARDO<\/b><\/li>\n<\/ul>\n<p class=\"p4\">Ad una lettera di richiesta di spiegazione, indirizzata all&#8217;AD di Trenord Faris\u00e9 in merito ai forti disagi sub\u00ecti i giorni 14 e 19 giugno ci \u00e8 stato risposto che la puntualit\u00e0 \u00e8 buona e quindi di fatto implicitamente ci dice che siamo noi che ci lamentiamo troppo e che va tutto bene. La vera realt\u00e0 a cui siamo sottoposti \u00e8 che, in barba alle belle statistiche che ci vengono proposte, la statistica vera \u00e8 che la percentuale di giorni dove NON capita nulla \u00e8 bassissima. A partire dal 12 giugno, giorno dal quale Trenord ci aveva promesso che sarebbero arrivati i nuovi treni, grazie ai quali i disagi sarebbero stati drasticamente ridotti: l\u2019unico giorno in cui non \u00e8 successo nulla (quindi zero ritardi superiori ai 15min e zero soppressioni) a nessun treno sono stati il 12, 23, 24, 26 e 27 giugno. In pratica su 15 giorni (sabati compresi) solo per 5 giorni il servizio \u00e8 stato erogato totalmente senza problemi, che quindi \u00e8 una percentuale del 30% ben distante dagli idilliaci valori snocciolati dalla Faris\u00e9 di puntualit\u00e0 dell&#8217;80%..<\/p>\n<p class=\"p1\">Questo significa che nel <span class=\"s1\">66% dei casi ci sono stati dei viaggiatori che hanno subito disagi<\/span>, in alcuni casi molto forti (ci sono state soppressioni e ritardi anche di 100 minuti!).<\/p>\n<\/div>\n<\/div>\n<\/div>\n<\/div>\n<\/div>\n<\/div>\n<\/div>\n<\/div>\n<\/div>\n<\/div>\n<\/div>\n","protected":false},"excerpt":{"rendered":"<p>Egr. Presidente Maroni, Egr. Assessore Sorte, \u200bEgr. AD Faris\u00e9, \u00a0 i fatti di queste settimane denunciano un tasso di soppressioni dei treni mai visti prima nella storia di Trenord, tranne [&hellip;]<\/p>\n","protected":false},"author":1,"featured_media":565,"comment_status":"open","ping_status":"open","sticky":false,"template":"","format":"standard","meta":[],"categories":[3],"tags":[],"_links":{"self":[{"href":"https:\/\/www.pendolari-co-lc.it\/index.php\/wp-json\/wp\/v2\/posts\/878"}],"collection":[{"href":"https:\/\/www.pendolari-co-lc.it\/index.php\/wp-json\/wp\/v2\/posts"}],"about":[{"href":"https:\/\/www.pendolari-co-lc.it\/index.php\/wp-json\/wp\/v2\/types\/post"}],"author":[{"embeddable":true,"href":"https:\/\/www.pendolari-co-lc.it\/index.php\/wp-json\/wp\/v2\/users\/1"}],"replies":[{"embeddable":true,"href":"https:\/\/www.pendolari-co-lc.it\/index.php\/wp-json\/wp\/v2\/comments?post=878"}],"version-history":[{"count":3,"href":"https:\/\/www.pendolari-co-lc.it\/index.php\/wp-json\/wp\/v2\/posts\/878\/revisions"}],"predecessor-version":[{"id":882,"href":"https:\/\/www.pendolari-co-lc.it\/index.php\/wp-json\/wp\/v2\/posts\/878\/revisions\/882"}],"wp:featuredmedia":[{"embeddable":true,"href":"https:\/\/www.pendolari-co-lc.it\/index.php\/wp-json\/wp\/v2\/media\/565"}],"wp:attachment":[{"href":"https:\/\/www.pendolari-co-lc.it\/index.php\/wp-json\/wp\/v2\/media?parent=878"}],"wp:term":[{"taxonomy":"category","embeddable":true,"href":"https:\/\/www.pendolari-co-lc.it\/index.php\/wp-json\/wp\/v2\/categories?post=878"},{"taxonomy":"post_tag","embeddable":true,"href":"https:\/\/www.pendolari-co-lc.it\/index.php\/wp-json\/wp\/v2\/tags?post=878"}],"curies":[{"name":"wp","href":"https:\/\/api.w.org\/{rel}","templated":true}]}}